{"id":13649,"date":"2018-07-17T11:36:18","date_gmt":"2018-07-17T09:36:18","guid":{"rendered":"https:\/\/www.diedruckerei.de\/magazin\/?p=13649"},"modified":"2025-04-28T16:02:32","modified_gmt":"2025-04-28T14:02:32","slug":"indesign-kontaktabzug","status":"publish","type":"post","link":"https:\/\/www.onlineprinters.de\/magazin\/indesign-kontaktabzug\/","title":{"rendered":"Raffinierte Bildplatzierung in InDesign: Kontaktabzug"},"content":{"rendered":"<p>Am saubersten f\u00fcgt man Bilder in Adobe InDesign \u00fcber <span class=\"shortcut guideline\">Datei<\/span> &#8211; <span class=\"guideline\">Platzieren<\/span> ein. Mit der Mehrfachplatzierung k\u00f6nnen im Platzieren-Fenster auch mehrere Bilder ausgew\u00e4hlt und der Reihe nach platziert werden.<\/p>\n<p><strong>Was Sie aber vielleicht noch nicht kennen<\/strong>, ist die gleichzeitige Platzierung von mehreren Bildern in Zeilen und Spalten. Diese Methode baut auf der Mehrfachplatzierung auf und wird in InDesign\u00a0<span class=\"guideline\">Kontaktabzug<\/span> genannt.<\/p>\n<div class=\"custom-background-grey\">\n<p>Der Begriff \u201eKontaktabzug\u201c stammt eigentlich aus der analogen Fotografie. Beim Kontaktabzug werden Kopien des Films erstellt, die zur ersten Beurteilung der Fotoqualit\u00e4t dienen. Meist werden sie als verkleinerte Vorschau ausgegeben.<\/p>\n<\/div>\n<p>&nbsp;<\/p>\n<h2>Bilder f\u00fcr den Kontaktabzug ausw\u00e4hlen<\/h2>\n<p>Klicken Sie zun\u00e4chst im Men\u00fc <span class=\"guideline\">Datei<\/span> auf <span class=\"guideline\">Platzieren<\/span>. Mit gedr\u00fcckter <span class=\"guideline\">Shift<\/span>-Taste w\u00e4hlen Sie danach im Platzieren-Fenster mehrere Bilder aus. Wenn Sie Bilder in der Auflistung des Platzieren-Fensters \u00fcberspringen m\u00f6chten, so dr\u00fccken Sie dazu einfach die <span class=\"guideline\">Strg<\/span>-Taste. Klicken Sie im Platzieren-Fenster erst auf <span class=\"guideline\">\u00d6ffnen<\/span>, nachdem die Auswahl der entsprechenden Bilder passt.<\/p>\n<figure id=\"attachment_13661\" aria-describedby=\"caption-attachment-13661\" style=\"width: 272px\" class=\"wp-caption alignnone\"><a href=\"https:\/\/www.onlineprinters.de\/magazin\/wp-content\/uploads\/2018\/07\/Mehrfachauswahl-Bilder.jpg\"><img loading=\"lazy\" decoding=\"async\" class=\"td-modal-image wp-image-13661 size-full\" src=\"https:\/\/www.onlineprinters.de\/magazin\/wp-content\/uploads\/2018\/07\/Mehrfachauswahl-Bilder.jpg\" alt=\"Mehrfachauswahl-Bilder\" width=\"272\" height=\"316\" srcset=\"https:\/\/www.onlineprinters.de\/magazin\/wp-content\/uploads\/2018\/07\/Mehrfachauswahl-Bilder.jpg 272w, https:\/\/www.onlineprinters.de\/magazin\/wp-content\/uploads\/2018\/07\/Mehrfachauswahl-Bilder-258x300.jpg 258w\" sizes=\"auto, (max-width: 272px) 100vw, 272px\" \/><\/a><figcaption id=\"caption-attachment-13661\" class=\"wp-caption-text\">Die Mehrfachauswahl im Platzieren-Fenster.<\/figcaption><\/figure>\n<h2>Bildrahmen mit Unterteilungen f\u00fcr Kontaktabzug erstellen<\/h2>\n<p>Im Dokument erkennen Sie nun das Bildplatzierungssymbol mit einer Miniaturdarstellung des ersten ausgew\u00e4hlten Bildes und der Anzahl aller ausgew\u00e4hlten Bilder in Klammern. Wenn Sie mit den <span class=\"guideline\">Pfeiltasten<\/span> auf Ihrer Tastatur nach rechts oder links wechseln, k\u00f6nnen Sie durch diese Auswahl gehen.<\/p>\n<figure id=\"attachment_13658\" aria-describedby=\"caption-attachment-13658\" style=\"width: 696px\" class=\"wp-caption alignnone\"><a href=\"https:\/\/www.onlineprinters.de\/magazin\/wp-content\/uploads\/2018\/07\/Bildplatzierungssymbol-9-Bilder.jpg\"><img loading=\"lazy\" decoding=\"async\" class=\"td-modal-image wp-image-13658 size-large\" src=\"https:\/\/www.onlineprinters.de\/magazin\/wp-content\/uploads\/2018\/07\/Bildplatzierungssymbol-9-Bilder-1024x520.jpg\" alt=\"Bildplatzierungssymbol-9-Bilder\" width=\"696\" height=\"353\" srcset=\"https:\/\/www.onlineprinters.de\/magazin\/wp-content\/uploads\/2018\/07\/Bildplatzierungssymbol-9-Bilder-1024x520.jpg 1024w, https:\/\/www.onlineprinters.de\/magazin\/wp-content\/uploads\/2018\/07\/Bildplatzierungssymbol-9-Bilder-300x152.jpg 300w, https:\/\/www.onlineprinters.de\/magazin\/wp-content\/uploads\/2018\/07\/Bildplatzierungssymbol-9-Bilder-768x390.jpg 768w, https:\/\/www.onlineprinters.de\/magazin\/wp-content\/uploads\/2018\/07\/Bildplatzierungssymbol-9-Bilder-696x353.jpg 696w, https:\/\/www.onlineprinters.de\/magazin\/wp-content\/uploads\/2018\/07\/Bildplatzierungssymbol-9-Bilder-1068x542.jpg 1068w, https:\/\/www.onlineprinters.de\/magazin\/wp-content\/uploads\/2018\/07\/Bildplatzierungssymbol-9-Bilder-827x420.jpg 827w, https:\/\/www.onlineprinters.de\/magazin\/wp-content\/uploads\/2018\/07\/Bildplatzierungssymbol-9-Bilder.jpg 1180w\" sizes=\"auto, (max-width: 696px) 100vw, 696px\" \/><\/a><figcaption id=\"caption-attachment-13658\" class=\"wp-caption-text\">Die Ansicht in InDesign nach dem Klick auf \u201e\u00d6ffnen\u201c (ausgew\u00e4hlte Bilder: 9).<\/figcaption><\/figure>\n<figure id=\"attachment_13659\" aria-describedby=\"caption-attachment-13659\" style=\"width: 200px\" class=\"wp-caption alignleft\"><a href=\"https:\/\/www.onlineprinters.de\/magazin\/wp-content\/uploads\/2018\/07\/Bildplatzierungssymbol-Detail-7-Bilder.jpg\"><img loading=\"lazy\" decoding=\"async\" class=\"td-modal-image wp-image-13659\" src=\"https:\/\/www.onlineprinters.de\/magazin\/wp-content\/uploads\/2018\/07\/Bildplatzierungssymbol-Detail-7-Bilder.jpg\" alt=\"Bildplatzierungssymbol-Detail-7-Bilder\" width=\"200\" height=\"113\" \/><\/a><figcaption id=\"caption-attachment-13659\" class=\"wp-caption-text\">Das Bildplatzierungssymbol erscheint beim Kontaktabzug solange, bis alle Bilder mit einem Klick platziert werden (ausgew\u00e4hlte Bilder: 7).<\/figcaption><\/figure>\n<p>Nun m\u00fcssen Sie mit der Tastenkombination <span class=\"guideline\">Shift<\/span> und <span class=\"guideline\">Strg<\/span> einen Rahmen aufziehen und dabei darauf achten, dass Sie ab jetzt die <strong>gedr\u00fcckte Maustaste nicht loslassen<\/strong>. Mit den <span class=\"guideline\">Pfeiltasten<\/span> auf der Tastatur k\u00f6nnen Sie den Rahmen selbst in Zeilen und Spalten unterteilen. In diesem Beispiel sollen neun Bilder platziert werden. Daf\u00fcr m\u00fcssen Sie zweimal mit der Pfeiltaste nach oben und zweimal nach rechts tippen, um drei mal drei Unterteilungen zu erstellen. Die Maustaste d\u00fcrfen Sie dabei<strong> nach wie vor noch nicht loslassen<\/strong>.<\/p>\n<figure id=\"attachment_13663\" aria-describedby=\"caption-attachment-13663\" style=\"width: 600px\" class=\"wp-caption alignnone\"><a href=\"https:\/\/www.onlineprinters.de\/magazin\/wp-content\/uploads\/2018\/07\/Erstellte-Bildgruppe.jpg\"><img loading=\"lazy\" decoding=\"async\" class=\"td-modal-image wp-image-13663\" src=\"https:\/\/www.onlineprinters.de\/magazin\/wp-content\/uploads\/2018\/07\/Erstellte-Bildgruppe.jpg\" alt=\"Erstellte-Bildgruppe\" width=\"600\" height=\"439\" srcset=\"https:\/\/www.onlineprinters.de\/magazin\/wp-content\/uploads\/2018\/07\/Erstellte-Bildgruppe.jpg 810w, https:\/\/www.onlineprinters.de\/magazin\/wp-content\/uploads\/2018\/07\/Erstellte-Bildgruppe-300x220.jpg 300w, https:\/\/www.onlineprinters.de\/magazin\/wp-content\/uploads\/2018\/07\/Erstellte-Bildgruppe-768x562.jpg 768w, https:\/\/www.onlineprinters.de\/magazin\/wp-content\/uploads\/2018\/07\/Erstellte-Bildgruppe-80x60.jpg 80w, https:\/\/www.onlineprinters.de\/magazin\/wp-content\/uploads\/2018\/07\/Erstellte-Bildgruppe-696x510.jpg 696w, https:\/\/www.onlineprinters.de\/magazin\/wp-content\/uploads\/2018\/07\/Erstellte-Bildgruppe-574x420.jpg 574w\" sizes=\"auto, (max-width: 600px) 100vw, 600px\" \/><\/a><figcaption id=\"caption-attachment-13663\" class=\"wp-caption-text\">Ansicht der erstellten Bildgruppe und den Unterteilungen in InDesign.<\/figcaption><\/figure>\n<p>Den Rahmen f\u00fcr die Bildgruppe k\u00f6nnen Sie mit gehaltener Maustaste nun immer noch in der H\u00f6he und Breite \u00e4ndern. Dies erspart Ihnen nachtr\u00e4glichen unn\u00f6tigen Aufwand. Erst wenn Breite und H\u00f6he der Bildgruppe passen, k\u00f6nnen Sie die Maustaste loslassen. Jedes Bild wird nun in der ausgew\u00e4hlten Reihenfolge automatisch einem Platz in den Unterteilungen zugeordnet.<\/p>\n<figure id=\"attachment_13656\" aria-describedby=\"caption-attachment-13656\" style=\"width: 600px\" class=\"wp-caption alignnone\"><a href=\"https:\/\/www.onlineprinters.de\/magazin\/wp-content\/uploads\/2018\/07\/Bildgruppe-platziert.jpg\"><img loading=\"lazy\" decoding=\"async\" class=\"td-modal-image wp-image-13656\" src=\"https:\/\/www.onlineprinters.de\/magazin\/wp-content\/uploads\/2018\/07\/Bildgruppe-platziert.jpg\" alt=\"Bildgruppe-platziert\" width=\"600\" height=\"555\" srcset=\"https:\/\/www.onlineprinters.de\/magazin\/wp-content\/uploads\/2018\/07\/Bildgruppe-platziert.jpg 654w, https:\/\/www.onlineprinters.de\/magazin\/wp-content\/uploads\/2018\/07\/Bildgruppe-platziert-300x278.jpg 300w, https:\/\/www.onlineprinters.de\/magazin\/wp-content\/uploads\/2018\/07\/Bildgruppe-platziert-454x420.jpg 454w\" sizes=\"auto, (max-width: 600px) 100vw, 600px\" \/><\/a><figcaption id=\"caption-attachment-13656\" class=\"wp-caption-text\">Bilder mit dem Kontaktabzug in die Bildgruppe eingef\u00fcgen&#8230;<\/figcaption><\/figure>\n<h2>Bilder an die Rahmen anpassen<\/h2>\n<figure id=\"attachment_13660\" aria-describedby=\"caption-attachment-13660\" style=\"width: 200px\" class=\"wp-caption alignleft\"><a href=\"https:\/\/www.onlineprinters.de\/magazin\/wp-content\/uploads\/2018\/07\/Icon-proportional-f\u00fcllen.jpg\"><img loading=\"lazy\" decoding=\"async\" class=\"td-modal-image wp-image-13660\" src=\"https:\/\/www.onlineprinters.de\/magazin\/wp-content\/uploads\/2018\/07\/Icon-proportional-f\u00fcllen.jpg\" alt=\"Icon-proportional-f\u00fcllen\" width=\"200\" height=\"82\" \/><\/a><figcaption id=\"caption-attachment-13660\" class=\"wp-caption-text\">Mit einem Klick f\u00fcllen die Bilder den Rahmen im proportionalen Verh\u00e4ltnis.<\/figcaption><\/figure>\n<p>Wenn die Bilder ihre jeweiligen Bildrahmen ganz f\u00fcllen sollen, so geht das wie folgt. Achten Sie darauf, dass die Bilder ausgew\u00e4hlt sind und klicken Sie danach im Men\u00fc <span class=\"guideline\">Objekt<\/span> &gt; <span class=\"guideline\">Anpassen<\/span> &gt; <span class=\"guideline\">Rahmen proportional f\u00fcllen<\/span> oder suchen Sie dazu das entsprechende <strong>Icon<\/strong> im Steuerungsbedienfeld. Hilfreich ist hier auch die Option <span class=\"guideline\">Automatisch einpassen<\/span>.\u00a0Dadurch werden die Bilder im proportionalen Verh\u00e4ltnis an die Bildrahmen angepasst.<\/p>\n<figure id=\"attachment_13657\" aria-describedby=\"caption-attachment-13657\" style=\"width: 600px\" class=\"wp-caption alignnone\"><a href=\"https:\/\/www.onlineprinters.de\/magazin\/wp-content\/uploads\/2018\/07\/Bildgruppe-proportional-gef\u00fcllt.jpg\"><img loading=\"lazy\" decoding=\"async\" class=\"td-modal-image wp-image-13657\" src=\"https:\/\/www.onlineprinters.de\/magazin\/wp-content\/uploads\/2018\/07\/Bildgruppe-proportional-gef\u00fcllt.jpg\" alt=\"Bildgruppe-proportional-gef\u00fcllt\" width=\"600\" height=\"553\" srcset=\"https:\/\/www.onlineprinters.de\/magazin\/wp-content\/uploads\/2018\/07\/Bildgruppe-proportional-gef\u00fcllt.jpg 514w, https:\/\/www.onlineprinters.de\/magazin\/wp-content\/uploads\/2018\/07\/Bildgruppe-proportional-gef\u00fcllt-300x277.jpg 300w, https:\/\/www.onlineprinters.de\/magazin\/wp-content\/uploads\/2018\/07\/Bildgruppe-proportional-gef\u00fcllt-455x420.jpg 455w\" sizes=\"auto, (max-width: 600px) 100vw, 600px\" \/><\/a><figcaption id=\"caption-attachment-13657\" class=\"wp-caption-text\">\u2026 und nun auch proportional an die jeweiligen Rahmen anpassen.<\/figcaption><\/figure>\n<h2>Auch Text l\u00e4sst sich mit dem InDesign-Kontaktabzug platzieren<\/h2>\n<p>Die Funktion beschr\u00e4nkt sich \u00fcbrigens nicht blo\u00df auf Bildrahmen. Auch einen Textrahmen k\u00f6nnen Sie so ganz einfach in Spalten und auch in Zeilen unterteilen. Diese Textrahmen sind dann zudem automatisch verkettet. Auch beim Linienwerkzeug funktioniert diese Funktion. Somit l\u00e4sst sich zum Beispiel ein Schraffurmuster in Windeseile erzeugen.<\/p>\n<div class=\"custom-background custom-background-dos\">\n<p>Wenn Sie das <strong>Platzieren in InDesign mit dem Kontaktabzug<\/strong> mal l\u00e4ngere Zeit nicht ausf\u00fchren und dadurch vielleicht nicht mehr so genau wissen, wie es geht, dann denken Sie einfach an folgende Schritte:<\/p>\n<ul>\n<li>mehrere Bilder ausw\u00e4hlen,<\/li>\n<li>einen Rahmen aufziehen (Achtung: Maustaste nicht loslassen!)<\/li>\n<li>und mit den Pfeiltasten in Zeilen und Spalten unterteilen.<\/li>\n<\/ul>\n<\/div>\n<p>&nbsp;<\/p>\n<div class=\"custom-background-grey\">\n<p>Quelle: Burkard Publishing GmbH<\/p>\n<\/div>\n","protected":false},"excerpt":{"rendered":"<p>Mehrere Bilder in InDesign platzieren erfordert die immer gleichen Klickabfolgen \u2013 oder auch nur eine einzige! Denn mit dem sogenannten InDesign Kontaktabzug lassen sich gleich mehrere Bilder gleichzeitig platzieren. <\/p>\n","protected":false},"author":24,"featured_media":13672,"comment_status":"open","ping_status":"open","sticky":false,"template":"","format":"standard","meta":{"footnotes":""},"categories":[165,5,6,50,51],"tags":[],"class_list":["post-13649","post","type-post","status-publish","format-standard","has-post-thumbnail","hentry","category-creative-cloud-indesign-tipps","category-design","category-design-creative-cloud","category-tutorials","category-tutorials-indesign","post_overlay_tag-profitipp"],"yoast_head":"<!-- This site is optimized with the Yoast SEO plugin v27.5 - https:\/\/yoast.com\/product\/yoast-seo-wordpress\/ -->\n<title>Kontaktabzug erstellen \u00bb Mehrere Bilder in InDesign platzieren<\/title>\n<meta name=\"description\" content=\"Der Kontaktabzug in InDesign l\u00e4sst Sie mehrere Bilder mit wenigen Klicks sauber platzieren. Wir stellen die Funktion vor und geben Best-Practice-Tipps.\" \/>\n<meta name=\"robots\" content=\"index, follow, max-snippet:-1, max-image-preview:large, max-video-preview:-1\" \/>\n<link rel=\"canonical\" href=\"https:\/\/www.onlineprinters.de\/magazin\/indesign-kontaktabzug\/\" \/>\n<meta property=\"og:locale\" content=\"de_DE\" \/>\n<meta property=\"og:type\" content=\"article\" \/>\n<meta property=\"og:title\" content=\"Raffinierte Bildplatzierung\" \/>\n<meta property=\"og:description\" content=\"So funktioniert der Kontaktabzug in InDesign.\" \/>\n<meta property=\"og:url\" content=\"https:\/\/www.onlineprinters.de\/magazin\/indesign-kontaktabzug\/\" \/>\n<meta property=\"og:site_name\" content=\"Onlineprinters Magazin\" \/>\n<meta property=\"article:published_time\" content=\"2018-07-17T09:36:18+00:00\" \/>\n<meta property=\"article:modified_time\" content=\"2025-04-28T14:02:32+00:00\" \/>\n<meta property=\"og:image\" content=\"https:\/\/www.onlineprinters.de\/magazin\/wp-content\/uploads\/2018\/07\/Beitragsbild_Facebook_Kontaktabzug.png\" \/>\n\t<meta property=\"og:image:width\" content=\"1200\" \/>\n\t<meta property=\"og:image:height\" content=\"627\" \/>\n\t<meta property=\"og:image:type\" content=\"image\/png\" \/>\n<meta name=\"author\" content=\"Ramona\" \/>\n<meta name=\"twitter:card\" content=\"summary_large_image\" \/>\n<script type=\"application\/ld+json\" class=\"yoast-schema-graph\">{\"@context\":\"https:\\\/\\\/schema.org\",\"@graph\":[{\"@type\":\"Article\",\"@id\":\"https:\\\/\\\/www.onlineprinters.de\\\/magazin\\\/indesign-kontaktabzug\\\/#article\",\"isPartOf\":{\"@id\":\"https:\\\/\\\/www.onlineprinters.de\\\/magazin\\\/indesign-kontaktabzug\\\/\"},\"author\":{\"name\":\"Ramona\",\"@id\":\"https:\\\/\\\/www.onlineprinters.de\\\/magazin\\\/#\\\/schema\\\/person\\\/d79ba2db96e33e04ed71525f52bb1eb9\"},\"headline\":\"Raffinierte Bildplatzierung in InDesign: Kontaktabzug\",\"datePublished\":\"2018-07-17T09:36:18+00:00\",\"dateModified\":\"2025-04-28T14:02:32+00:00\",\"mainEntityOfPage\":{\"@id\":\"https:\\\/\\\/www.onlineprinters.de\\\/magazin\\\/indesign-kontaktabzug\\\/\"},\"wordCount\":673,\"commentCount\":0,\"image\":{\"@id\":\"https:\\\/\\\/www.onlineprinters.de\\\/magazin\\\/indesign-kontaktabzug\\\/#primaryimage\"},\"thumbnailUrl\":\"https:\\\/\\\/www.onlineprinters.de\\\/magazin\\\/wp-content\\\/uploads\\\/2018\\\/07\\\/Beitragsbild_Kontaktabzug.jpg\",\"articleSection\":[\"Creative Cloud InDesign\",\"Design\",\"Design Creative Cloud\",\"Tutorials\",\"Tutorials Indesign\"],\"inLanguage\":\"de\",\"potentialAction\":[{\"@type\":\"CommentAction\",\"name\":\"Comment\",\"target\":[\"https:\\\/\\\/www.onlineprinters.de\\\/magazin\\\/indesign-kontaktabzug\\\/#respond\"]}]},{\"@type\":\"WebPage\",\"@id\":\"https:\\\/\\\/www.onlineprinters.de\\\/magazin\\\/indesign-kontaktabzug\\\/\",\"url\":\"https:\\\/\\\/www.onlineprinters.de\\\/magazin\\\/indesign-kontaktabzug\\\/\",\"name\":\"Kontaktabzug erstellen \u00bb Mehrere Bilder in InDesign platzieren\",\"isPartOf\":{\"@id\":\"https:\\\/\\\/www.onlineprinters.de\\\/magazin\\\/#website\"},\"primaryImageOfPage\":{\"@id\":\"https:\\\/\\\/www.onlineprinters.de\\\/magazin\\\/indesign-kontaktabzug\\\/#primaryimage\"},\"image\":{\"@id\":\"https:\\\/\\\/www.onlineprinters.de\\\/magazin\\\/indesign-kontaktabzug\\\/#primaryimage\"},\"thumbnailUrl\":\"https:\\\/\\\/www.onlineprinters.de\\\/magazin\\\/wp-content\\\/uploads\\\/2018\\\/07\\\/Beitragsbild_Kontaktabzug.jpg\",\"datePublished\":\"2018-07-17T09:36:18+00:00\",\"dateModified\":\"2025-04-28T14:02:32+00:00\",\"author\":{\"@id\":\"https:\\\/\\\/www.onlineprinters.de\\\/magazin\\\/#\\\/schema\\\/person\\\/d79ba2db96e33e04ed71525f52bb1eb9\"},\"description\":\"Der Kontaktabzug in InDesign l\u00e4sst Sie mehrere Bilder mit wenigen Klicks sauber platzieren. Wir stellen die Funktion vor und geben Best-Practice-Tipps.\",\"inLanguage\":\"de\",\"potentialAction\":[{\"@type\":\"ReadAction\",\"target\":[\"https:\\\/\\\/www.onlineprinters.de\\\/magazin\\\/indesign-kontaktabzug\\\/\"]}]},{\"@type\":\"ImageObject\",\"inLanguage\":\"de\",\"@id\":\"https:\\\/\\\/www.onlineprinters.de\\\/magazin\\\/indesign-kontaktabzug\\\/#primaryimage\",\"url\":\"https:\\\/\\\/www.onlineprinters.de\\\/magazin\\\/wp-content\\\/uploads\\\/2018\\\/07\\\/Beitragsbild_Kontaktabzug.jpg\",\"contentUrl\":\"https:\\\/\\\/www.onlineprinters.de\\\/magazin\\\/wp-content\\\/uploads\\\/2018\\\/07\\\/Beitragsbild_Kontaktabzug.jpg\",\"width\":1068,\"height\":580},{\"@type\":\"WebSite\",\"@id\":\"https:\\\/\\\/www.onlineprinters.de\\\/magazin\\\/#website\",\"url\":\"https:\\\/\\\/www.onlineprinters.de\\\/magazin\\\/\",\"name\":\"Onlineprinters Magazin\",\"description\":\"\",\"potentialAction\":[{\"@type\":\"SearchAction\",\"target\":{\"@type\":\"EntryPoint\",\"urlTemplate\":\"https:\\\/\\\/www.onlineprinters.de\\\/magazin\\\/?s={search_term_string}\"},\"query-input\":{\"@type\":\"PropertyValueSpecification\",\"valueRequired\":true,\"valueName\":\"search_term_string\"}}],\"inLanguage\":\"de\"},{\"@type\":\"Person\",\"@id\":\"https:\\\/\\\/www.onlineprinters.de\\\/magazin\\\/#\\\/schema\\\/person\\\/d79ba2db96e33e04ed71525f52bb1eb9\",\"name\":\"Ramona\",\"image\":{\"@type\":\"ImageObject\",\"inLanguage\":\"de\",\"@id\":\"https:\\\/\\\/www.onlineprinters.de\\\/magazin\\\/wp-content\\\/uploads\\\/2017\\\/10\\\/Blogbild-3-150x150.png\",\"url\":\"https:\\\/\\\/www.onlineprinters.de\\\/magazin\\\/wp-content\\\/uploads\\\/2017\\\/10\\\/Blogbild-3-150x150.png\",\"contentUrl\":\"https:\\\/\\\/www.onlineprinters.de\\\/magazin\\\/wp-content\\\/uploads\\\/2017\\\/10\\\/Blogbild-3-150x150.png\",\"caption\":\"Ramona\"},\"description\":\"H\u00e4tte, h\u00e4tte, Fahrradkette \u2013 ich bin ein Fan davon die Dinge konsequent anzupacken und versuche weniger verpassten Gelegenheiten nachzuh\u00e4ngen. Jeden Tag \u00f6ffnen sich neue T\u00fcren und in unserer schnelllebigen Zeit der selbstf\u00fcllenden K\u00fchlschr\u00e4nke, Next-day-deliverys und twitternden Pr\u00e4sidenten sind das jede Menge. Nach meinem Studium der Medienkommunikation habe ich mich vor allem den spannenden Entwicklungen des Online Marketings verschrieben. In meinen Artikeln m\u00f6chte ich die neuen Trends und Inspirationen auf diesem Gebiet so lebhaft und praxisnah wie m\u00f6glich an die Leser weitergeben.\",\"url\":\"https:\\\/\\\/www.onlineprinters.de\\\/magazin\\\/author\\\/ramona\\\/\"}]}<\/script>\n<!-- \/ Yoast SEO plugin. -->","yoast_head_json":{"title":"Kontaktabzug erstellen \u00bb Mehrere Bilder in InDesign platzieren","description":"Der Kontaktabzug in InDesign l\u00e4sst Sie mehrere Bilder mit wenigen Klicks sauber platzieren. Wir stellen die Funktion vor und geben Best-Practice-Tipps.","robots":{"index":"index","follow":"follow","max-snippet":"max-snippet:-1","max-image-preview":"max-image-preview:large","max-video-preview":"max-video-preview:-1"},"canonical":"https:\/\/www.onlineprinters.de\/magazin\/indesign-kontaktabzug\/","og_locale":"de_DE","og_type":"article","og_title":"Raffinierte Bildplatzierung","og_description":"So funktioniert der Kontaktabzug in InDesign.","og_url":"https:\/\/www.onlineprinters.de\/magazin\/indesign-kontaktabzug\/","og_site_name":"Onlineprinters Magazin","article_published_time":"2018-07-17T09:36:18+00:00","article_modified_time":"2025-04-28T14:02:32+00:00","og_image":[{"width":1200,"height":627,"url":"https:\/\/www.onlineprinters.de\/magazin\/wp-content\/uploads\/2018\/07\/Beitragsbild_Facebook_Kontaktabzug.png","type":"image\/png"}],"author":"Ramona","twitter_card":"summary_large_image","schema":{"@context":"https:\/\/schema.org","@graph":[{"@type":"Article","@id":"https:\/\/www.onlineprinters.de\/magazin\/indesign-kontaktabzug\/#article","isPartOf":{"@id":"https:\/\/www.onlineprinters.de\/magazin\/indesign-kontaktabzug\/"},"author":{"name":"Ramona","@id":"https:\/\/www.onlineprinters.de\/magazin\/#\/schema\/person\/d79ba2db96e33e04ed71525f52bb1eb9"},"headline":"Raffinierte Bildplatzierung in InDesign: Kontaktabzug","datePublished":"2018-07-17T09:36:18+00:00","dateModified":"2025-04-28T14:02:32+00:00","mainEntityOfPage":{"@id":"https:\/\/www.onlineprinters.de\/magazin\/indesign-kontaktabzug\/"},"wordCount":673,"commentCount":0,"image":{"@id":"https:\/\/www.onlineprinters.de\/magazin\/indesign-kontaktabzug\/#primaryimage"},"thumbnailUrl":"https:\/\/www.onlineprinters.de\/magazin\/wp-content\/uploads\/2018\/07\/Beitragsbild_Kontaktabzug.jpg","articleSection":["Creative Cloud InDesign","Design","Design Creative Cloud","Tutorials","Tutorials Indesign"],"inLanguage":"de","potentialAction":[{"@type":"CommentAction","name":"Comment","target":["https:\/\/www.onlineprinters.de\/magazin\/indesign-kontaktabzug\/#respond"]}]},{"@type":"WebPage","@id":"https:\/\/www.onlineprinters.de\/magazin\/indesign-kontaktabzug\/","url":"https:\/\/www.onlineprinters.de\/magazin\/indesign-kontaktabzug\/","name":"Kontaktabzug erstellen \u00bb Mehrere Bilder in InDesign platzieren","isPartOf":{"@id":"https:\/\/www.onlineprinters.de\/magazin\/#website"},"primaryImageOfPage":{"@id":"https:\/\/www.onlineprinters.de\/magazin\/indesign-kontaktabzug\/#primaryimage"},"image":{"@id":"https:\/\/www.onlineprinters.de\/magazin\/indesign-kontaktabzug\/#primaryimage"},"thumbnailUrl":"https:\/\/www.onlineprinters.de\/magazin\/wp-content\/uploads\/2018\/07\/Beitragsbild_Kontaktabzug.jpg","datePublished":"2018-07-17T09:36:18+00:00","dateModified":"2025-04-28T14:02:32+00:00","author":{"@id":"https:\/\/www.onlineprinters.de\/magazin\/#\/schema\/person\/d79ba2db96e33e04ed71525f52bb1eb9"},"description":"Der Kontaktabzug in InDesign l\u00e4sst Sie mehrere Bilder mit wenigen Klicks sauber platzieren. Wir stellen die Funktion vor und geben Best-Practice-Tipps.","inLanguage":"de","potentialAction":[{"@type":"ReadAction","target":["https:\/\/www.onlineprinters.de\/magazin\/indesign-kontaktabzug\/"]}]},{"@type":"ImageObject","inLanguage":"de","@id":"https:\/\/www.onlineprinters.de\/magazin\/indesign-kontaktabzug\/#primaryimage","url":"https:\/\/www.onlineprinters.de\/magazin\/wp-content\/uploads\/2018\/07\/Beitragsbild_Kontaktabzug.jpg","contentUrl":"https:\/\/www.onlineprinters.de\/magazin\/wp-content\/uploads\/2018\/07\/Beitragsbild_Kontaktabzug.jpg","width":1068,"height":580},{"@type":"WebSite","@id":"https:\/\/www.onlineprinters.de\/magazin\/#website","url":"https:\/\/www.onlineprinters.de\/magazin\/","name":"Onlineprinters Magazin","description":"","potentialAction":[{"@type":"SearchAction","target":{"@type":"EntryPoint","urlTemplate":"https:\/\/www.onlineprinters.de\/magazin\/?s={search_term_string}"},"query-input":{"@type":"PropertyValueSpecification","valueRequired":true,"valueName":"search_term_string"}}],"inLanguage":"de"},{"@type":"Person","@id":"https:\/\/www.onlineprinters.de\/magazin\/#\/schema\/person\/d79ba2db96e33e04ed71525f52bb1eb9","name":"Ramona","image":{"@type":"ImageObject","inLanguage":"de","@id":"https:\/\/www.onlineprinters.de\/magazin\/wp-content\/uploads\/2017\/10\/Blogbild-3-150x150.png","url":"https:\/\/www.onlineprinters.de\/magazin\/wp-content\/uploads\/2017\/10\/Blogbild-3-150x150.png","contentUrl":"https:\/\/www.onlineprinters.de\/magazin\/wp-content\/uploads\/2017\/10\/Blogbild-3-150x150.png","caption":"Ramona"},"description":"H\u00e4tte, h\u00e4tte, Fahrradkette \u2013 ich bin ein Fan davon die Dinge konsequent anzupacken und versuche weniger verpassten Gelegenheiten nachzuh\u00e4ngen. Jeden Tag \u00f6ffnen sich neue T\u00fcren und in unserer schnelllebigen Zeit der selbstf\u00fcllenden K\u00fchlschr\u00e4nke, Next-day-deliverys und twitternden Pr\u00e4sidenten sind das jede Menge. Nach meinem Studium der Medienkommunikation habe ich mich vor allem den spannenden Entwicklungen des Online Marketings verschrieben. In meinen Artikeln m\u00f6chte ich die neuen Trends und Inspirationen auf diesem Gebiet so lebhaft und praxisnah wie m\u00f6glich an die Leser weitergeben.","url":"https:\/\/www.onlineprinters.de\/magazin\/author\/ramona\/"}]}},"_links":{"self":[{"href":"https:\/\/www.onlineprinters.de\/magazin\/wp-json\/wp\/v2\/posts\/13649","targetHints":{"allow":["GET"]}}],"collection":[{"href":"https:\/\/www.onlineprinters.de\/magazin\/wp-json\/wp\/v2\/posts"}],"about":[{"href":"https:\/\/www.onlineprinters.de\/magazin\/wp-json\/wp\/v2\/types\/post"}],"author":[{"embeddable":true,"href":"https:\/\/www.onlineprinters.de\/magazin\/wp-json\/wp\/v2\/users\/24"}],"replies":[{"embeddable":true,"href":"https:\/\/www.onlineprinters.de\/magazin\/wp-json\/wp\/v2\/comments?post=13649"}],"version-history":[{"count":3,"href":"https:\/\/www.onlineprinters.de\/magazin\/wp-json\/wp\/v2\/posts\/13649\/revisions"}],"predecessor-version":[{"id":13686,"href":"https:\/\/www.onlineprinters.de\/magazin\/wp-json\/wp\/v2\/posts\/13649\/revisions\/13686"}],"wp:featuredmedia":[{"embeddable":true,"href":"https:\/\/www.onlineprinters.de\/magazin\/wp-json\/wp\/v2\/media\/13672"}],"wp:attachment":[{"href":"https:\/\/www.onlineprinters.de\/magazin\/wp-json\/wp\/v2\/media?parent=13649"}],"wp:term":[{"taxonomy":"category","embeddable":true,"href":"https:\/\/www.onlineprinters.de\/magazin\/wp-json\/wp\/v2\/categories?post=13649"},{"taxonomy":"post_tag","embeddable":true,"href":"https:\/\/www.onlineprinters.de\/magazin\/wp-json\/wp\/v2\/tags?post=13649"}],"curies":[{"name":"wp","href":"https:\/\/api.w.org\/{rel}","templated":true}]}}