{"id":14370,"date":"2018-09-27T11:50:31","date_gmt":"2018-09-27T09:50:31","guid":{"rendered":"https:\/\/www.diedruckerei.de\/magazin\/?p=14370"},"modified":"2025-04-28T16:02:26","modified_gmt":"2025-04-28T14:02:26","slug":"indesign-verknuepfungen-dos-donts","status":"publish","type":"post","link":"https:\/\/www.onlineprinters.de\/magazin\/indesign-verknuepfungen-dos-donts\/","title":{"rendered":"Gewusst wie: InDesign-Verkn\u00fcpfungen clever nutzen"},"content":{"rendered":"<p>Es ist \u00e4rgerlich, wenn man eine InDesign-Datei \u00f6ffnet und pl\u00f6tzlich bei allen eingef\u00fcgten Bildern die entsprechenden Verkn\u00fcpfungen fehlen. Dies passiert vor allem dann, wenn mehrere Leute an einer Datei arbeiten. Mit fehlenden Verkn\u00fcpfungen jedenfalls kann die Datei so keinesfalls als PDF exportiert und weitergegeben werden \u2013 stattdessen m\u00fcssen alle Verkn\u00fcpfungen nochmals hergestellt werden. Diese unn\u00f6tige Mehrarbeit l\u00e4sst sich aber vermeiden.<\/p>\n<figure id=\"attachment_14420\" aria-describedby=\"caption-attachment-14420\" style=\"width: 696px\" class=\"wp-caption aligncenter\"><a href=\"https:\/\/www.onlineprinters.de\/magazin\/wp-content\/uploads\/2018\/09\/Bild_neu.jpg\" rel=\"attachment wp-att-14420\"><img loading=\"lazy\" decoding=\"async\" class=\"td-modal-image size-large wp-image-14420\" src=\"https:\/\/www.onlineprinters.de\/magazin\/wp-content\/uploads\/2018\/09\/Bild_neu-1024x236.jpg\" alt=\"Symbole - InDesign-Verkn\u00fcpfungen\" width=\"696\" height=\"160\" srcset=\"https:\/\/www.onlineprinters.de\/magazin\/wp-content\/uploads\/2018\/09\/Bild_neu-1024x236.jpg 1024w, https:\/\/www.onlineprinters.de\/magazin\/wp-content\/uploads\/2018\/09\/Bild_neu-300x69.jpg 300w, https:\/\/www.onlineprinters.de\/magazin\/wp-content\/uploads\/2018\/09\/Bild_neu-768x177.jpg 768w, https:\/\/www.onlineprinters.de\/magazin\/wp-content\/uploads\/2018\/09\/Bild_neu-696x161.jpg 696w, https:\/\/www.onlineprinters.de\/magazin\/wp-content\/uploads\/2018\/09\/Bild_neu-1068x247.jpg 1068w, https:\/\/www.onlineprinters.de\/magazin\/wp-content\/uploads\/2018\/09\/Bild_neu-1819x420.jpg 1819w, https:\/\/www.onlineprinters.de\/magazin\/wp-content\/uploads\/2018\/09\/Bild_neu.jpg 1920w\" sizes=\"auto, (max-width: 696px) 100vw, 696px\" \/><\/a><figcaption id=\"caption-attachment-14420\" class=\"wp-caption-text\">In InDesign ist der Zustand der Verkn\u00fcpfung durch Symbole direkt auf dem Bildrahmen ersichtlich. Beim linken Bild ist die Verkn\u00fcpfung in Ordnung, beim mittleren Bild fehlt die Verkn\u00fcpfung, das rechte Bild wurde in Photoshop im Nachhinein ge\u00e4ndert<\/figcaption><\/figure>\n<p><strong>Inhalte:<\/strong><\/p>\n<p><strong>\u00dcberblick: InDesign-Verkn\u00fcpfungen<\/strong><\/p>\n<ul>\n<li><a href=\"#unterschied\">Ein wichtiger Unterschied: Bild aufnehmen oder platzieren<\/a><\/li>\n<li><a href=\"#bild\">Bild sehen hei\u00dft nicht Bild haben<\/a><\/li>\n<li><a href=\"#verkn\u00fcpfen\">Wie Bilder verkn\u00fcpft werden<\/a><\/li>\n<\/ul>\n<p><strong>Symbole und Optionen bei Verkn\u00fcpfungsproblemen<\/strong><\/p>\n<ul>\n<li><a href=\"#symbole\">Symbole im Bedienfeld<\/a><\/li>\n<li><a href=\"#aktualisieren\">InDesign Verkn\u00fcpfungen aktualisieren<\/a><\/li>\n<li><a href=\"#fehlende\">Fehlende Verkn\u00fcpfungen korrigieren<\/a><\/li>\n<li><a href=\"#eingebettete\">Eingebettete Verkn\u00fcpfungen<\/a><\/li>\n<li><a href=\"#ohne\">Bilder ohne Verkn\u00fcpfung<\/a><\/li>\n<li><a href=\"#kopieren\">Verkn\u00fcpfung an einen anderen Ort kopieren<\/a><\/li>\n<li><a href=\"#explorer\">Dateien im Explorer anzeigen lassen<\/a><\/li>\n<li><a href=\"#voreinstellungen\">N\u00fctzliche Voreinstellungen<\/a><\/li>\n<li><a href=\"#verpacken\">Mit der Funktion \u201eVerpacken\u201c auf Nummer sicher gehen<\/a><\/li>\n<\/ul>\n<p><strong>Tipps: <\/strong><a href=\"#tipps\">Dos and Don\u00b4ts<\/a><\/p>\n<h2>\u00dcberblick: InDesign-Verkn\u00fcpfungen<\/h2>\n<h3 id=\"unterschied\">Ein wichtiger Unterschied: Bild aufnehmen oder platzieren<\/h3>\n<p>Um zu verstehen, warum Verkn\u00fcpfungen so wichtig sind, muss der Unterschied zwischen \u201eaufnehmen\u201c und \u201eplatzieren\u201c erkl\u00e4rt werden. Wenn jemand in Microsoft Word oder PowerPoint arbeitet und Bilder einf\u00fcgt, sind diese Programme in den Voreinstellungen so konzipiert, dass Bilder in das Dokument aufgenommen werden. Alle Bilddaten sind also in die Dokumente eingebettet, was man auch an der schnell steigenden Dateigr\u00f6\u00dfe merkt.<\/p>\n<p>Im Unterschied zu Word und PowerPoint werden in InDesign Bilder und Grafiken \u201eplatziert\u201c. Das bedeutet, dass die platzierten Objekte einen Pfad ben\u00f6tigen, welcher zur Originaldatei verweist. Das ist ein gro\u00dfer Unterschied und hat vor allem den Vorteil, dass die Originalgrafiken problemlos nachbearbeitet werden k\u00f6nnen.<\/p>\n<h3 id=\"bild\">Bild sehen hei\u00dft nicht Bild haben<\/h3>\n<p>Fehlende Verkn\u00fcpfungen werden von Indesign gleich beim \u00d6ffnen des Dokumentes bem\u00e4ngelt.<\/p>\n<figure id=\"attachment_39796\" aria-describedby=\"caption-attachment-39796\" style=\"width: 475px\" class=\"wp-caption aligncenter\"><img loading=\"lazy\" decoding=\"async\" class=\"wp-image-39796 size-full\" src=\"https:\/\/www.onlineprinters.de\/magazin\/wp-content\/uploads\/2018\/09\/Verknuepfungen_01.jpg\" alt=\"Ein Warndialogfeld mit einem gelben Dreieck und dem InDesign-Logo. Der deutsche Text weist darauf hin, dass im Dokument acht Verkn\u00fcpfungen fehlen. Es bietet die M\u00f6glichkeit, diese \u00fcber das Bedienfeld \u201eVerkn\u00fcpfungen\u201c zu suchen oder neu zu verkn\u00fcpfen. Unten befindet sich eine Schaltfl\u00e4che \u201eOK\u201c.\" width=\"475\" height=\"160\" srcset=\"https:\/\/www.onlineprinters.de\/magazin\/wp-content\/uploads\/2018\/09\/Verknuepfungen_01.jpg 475w, https:\/\/www.onlineprinters.de\/magazin\/wp-content\/uploads\/2018\/09\/Verknuepfungen_01-300x101.jpg 300w\" sizes=\"auto, (max-width: 475px) 100vw, 475px\" \/><figcaption id=\"caption-attachment-39796\" class=\"wp-caption-text\">Fehlermeldungen zu fehlende Verkn\u00fcpfungen lassen sich mit den richtigen Arbeitsweisen vermeiden<\/figcaption><\/figure>\n<p>Werden fehlende InDesign-Verkn\u00fcpfungen nach dem \u00d6ffnen nicht wiederhergestellt, so kann der Eindruck entstehen, dass die Bilder doch vorhanden sind. Denn trotz fehlender Verkn\u00fcpfung werden Bildvorschauen in der Datei angezeigt. Diese Vorschauen sind sogar noch zu sehen, wenn Fehlermeldungen zu den fehlenden Verkn\u00fcpfungen ignoriert werden und ein PDF exportiert wird. Doch die Bild- und Grafikdateien sind bei fehlenden Verkn\u00fcpfungen in der anschlie\u00dfend exportierten PDF-Datei nur in einer sehr niedrigen Aufl\u00f6sung enthalten. Bilder im InDesign-Programm sehen, hei\u00dft somit also nicht automatisch, dass der Pfad zur Originaldatei noch in Ordnung ist oder gefunden wird.<\/p>\n<h3 id=\"verkn\u00fcpfen\">Wie Bilder verkn\u00fcpft werden<\/h3>\n<p>Verkn\u00fcpfungen werden von InDesign immer dann angelegt, wenn der Anwender ein Bild platziert (Men\u00fc <span class=\"guideline\">Datei<\/span> &gt; <span class=\"guideline\">Platzieren<\/span>, alternativ <span class=\"guideline\">STRG<\/span> + <span class=\"guideline\">D<\/span>). Nach dem Platzieren einer solchen Bild- oder Grafikdatei zeigt InDesign eine Vorschau-Version mit geringer Aufl\u00f6sung an. Andernfalls w\u00fcrde das Positionieren und Layouten in InDesign wesentlich l\u00e4nger dauern, da das Programm das Bild st\u00e4ndig in Originalaufl\u00f6sung laden m\u00fcsste. Sie k\u00f6nnen sich aber durchaus das Bild im Dokument in Originalaufl\u00f6sung anzeigen lassen, und zwar \u00fcber das Men\u00fc <span class=\"guideline\">Ansicht<\/span> &gt; <span class=\"guideline\">Anzeigeleistung<\/span> &gt; <span class=\"guideline\">Anzeige mit hoher Qualit\u00e4t<\/span> (alternativ <span class=\"guideline\">STRG<\/span> + <span class=\"guideline\">ALT<\/span> + <span class=\"guideline\">H<\/span>).<\/p>\n<p>Sp\u00e4testens bei der Druckausgabe oder beim PDF-Export werden die Informationen der Bild- oder Grafikdatei in vollem Umfang ben\u00f6tigt, um beispielsweise korrekte Farbausz\u00fcge f\u00fcr Druckprozesse herzustellen. Deshalb m\u00fcssen zu diesem Zeitpunkt auch die InDesign-Verkn\u00fcpfungen der platzierten Bild- und Grafikdateien dann aktuell sein.<\/p>\n<div class=\"custom-background custom-background-dos\">\n<p>Um Bilder und Grafiken sauber in Ihr InDesign-Dokument einzuf\u00fcgen, sollten Sie immer im Men\u00fc auf <span class=\"guideline\">Datei<\/span> &gt; <span class=\"guideline\">Platzieren<\/span> klicken und anschlie\u00dfend die entsprechenden Inhalte ausw\u00e4hlen. Verzichten Sie f\u00fcr die Weitergabe an den Druck unbedingt darauf, Bilder durch Kopieren und Einf\u00fcgen oder per Drag-and-drop in die InDesign-Datei einzuf\u00fcgen.<\/p>\n<\/div>\n<h2>Symbole und Optionen bei Verkn\u00fcpfungsproblemen<\/h2>\n<h3 id=\"symbole\">Symbole im Bedienfeld<\/h3>\n<p>Ignoriert man die Warnmeldungen zu den fehlenden Verkn\u00fcpfungen, so zeigt das Bedienfeld <span class=\"guideline\">Verkn\u00fcpfungen<\/span> unterschiedliche Symbole an (siehe Bild unten). Seit InDesign CS6, also seit geraumer Zeit schon, sind diese Symbole auch direkt im Layout an den Bildrahmen erkennbar. Um sicherzugehen, k\u00f6nnen Sie auch im Men\u00fc <span class=\"guideline\">Ansicht<\/span> &gt; <span class=\"guideline\">Extras<\/span> &gt; <span class=\"guideline\">Verkn\u00fcpfungsmarke<\/span> ausw\u00e4hlen.<\/p>\n<p>Im Bedienfeld Verkn\u00fcpfungen k\u00f6nnen Sie Folgendes erkennen:<\/p>\n<ul>\n<li>Ist eine Verkn\u00fcpfung in Ordnung, so erscheint auf dem Bildrahmen ein <strong>Verkettensymbol<\/strong>.<\/li>\n<li>In der Statusspalte rechts steht die <strong>Seitenzahl<\/strong>, auf welcher sich die Verkn\u00fcpfung befindet. Mit Klick auf die Zahl gelangen Sie automatisch zur entsprechenden Seite im InDesign-Dokument. Wird \u201eMF\u201c angezeigt, bedeutet das, dass sich das Bild oder die Grafik au\u00dferhalb des Formates, auf der Montagefl\u00e4che, befindet.<\/li>\n<li>In den <strong>Verkn\u00fcpfungsinformationen<\/strong> erkennen Sie noch viele weitere hilfreiche Informationen, beispielsweise den Pfad der Verkn\u00fcpfung, das Format oder bei Bildern die effektive Aufl\u00f6sung.<\/li>\n<li>Als Symbole k\u00f6nnen sonst auch ein <strong>rotes Achteck<\/strong> mit einem Fragezeichen oder ein <strong>gelbes Dreieck<\/strong> mit Ausrufezeichen auftreten.<\/li>\n<\/ul>\n<p>In den aktuellen Versionen von InDesign CC k\u00f6nnte sich auf dem Bildrahmen ferner noch ein Cloud-Symbol befinden. Dann w\u00e4re das Bild \u00fcber die Creative Cloud Libraries verkn\u00fcpft, das hei\u00dft das Bild liegt auf einem Adobe-Server. Das Arbeiten mit Creative Cloud Libraries kann allerdings die Arbeitsgeschwindigkeit des Programms beeintr\u00e4chtigen. So bevorzugen die meisten Anwender nach wie vor die lokale Speicherung von Bildern. F\u00fcr Agenturen oder Teams, die \u00fcber mehrere Standorte hinweg zusammenarbeiten, kann diese Arbeitsweise jedoch durchaus interessant sein, solange alle Beteiligten mit dem entsprechenden Workflow vertraut sind und Verkn\u00fcpfungsfehler vermeiden.<\/p>\n<p><a href=\"https:\/\/www.onlineprinters.de\/magazin\/wp-content\/uploads\/2018\/09\/Test-Verknuepfungen-7-2.jpg\" rel=\"attachment wp-att-14378\"><img loading=\"lazy\" decoding=\"async\" class=\"td-modal-image aligncenter wp-image-14430 size-large\" src=\"https:\/\/www.onlineprinters.de\/magazin\/wp-content\/uploads\/2018\/09\/Test-Verknuepfungen-7-2-1024x640.jpg\" alt=\"InDesign-Verkn\u00fcpfungen - Schaubild\" width=\"696\" height=\"435\" srcset=\"https:\/\/www.onlineprinters.de\/magazin\/wp-content\/uploads\/2018\/09\/Test-Verknuepfungen-7-2-1024x640.jpg 1024w, https:\/\/www.onlineprinters.de\/magazin\/wp-content\/uploads\/2018\/09\/Test-Verknuepfungen-7-2-300x187.jpg 300w, https:\/\/www.onlineprinters.de\/magazin\/wp-content\/uploads\/2018\/09\/Test-Verknuepfungen-7-2-768x480.jpg 768w, https:\/\/www.onlineprinters.de\/magazin\/wp-content\/uploads\/2018\/09\/Test-Verknuepfungen-7-2-696x435.jpg 696w, https:\/\/www.onlineprinters.de\/magazin\/wp-content\/uploads\/2018\/09\/Test-Verknuepfungen-7-2-1068x667.jpg 1068w, https:\/\/www.onlineprinters.de\/magazin\/wp-content\/uploads\/2018\/09\/Test-Verknuepfungen-7-2-672x420.jpg 672w, https:\/\/www.onlineprinters.de\/magazin\/wp-content\/uploads\/2018\/09\/Test-Verknuepfungen-7-2.jpg 1920w\" sizes=\"auto, (max-width: 696px) 100vw, 696px\" \/><\/a><\/p>\n<h3 id=\"aktualisieren\">Gelbe Dreiecke bearbeiten: InDesign Verkn\u00fcpfungen aktualisieren<\/h3>\n<p>Das Dreieck mit Ausrufezeichen auf dem Rahmen oder im Bedienfeld <span class=\"guideline\">Verkn\u00fcpfungen<\/span> zeigt an, dass sich etwas an der Bild- oder Grafikdatei ge\u00e4ndert hat. Mit Klick auf das Symbol aktualisieren Sie die entsprechende Verkn\u00fcpfung. Dies klappt \u00fcbrigens nicht nur in der Verkn\u00fcpfungs-Bedienfeld, sondern auch \u00fcber das Symbol direkt am Bildrahmen.<\/p>\n<p>In InDesign k\u00f6nnen Sie \u00fcber das Bedienfeld <span class=\"guideline\">Verkn\u00fcpfungen<\/span> auch direkt Bilder in Adobe Photoshop und Grafiken in Adobe Illustrator \u00f6ffnen. Dazu klickt man auf das <span class=\"guideline\">Stiftsymbol<\/span> im Bedienfeld oder w\u00e4hlt in den Optionen <span class=\"guideline\">Original bearbeiten<\/span> aus. Alternativ kann in InDesign im Men\u00fc <span class=\"guideline\">Bearbeiten<\/span> auch der Befehl <span class=\"guideline\">Bearbeiten mit<\/span> ausgew\u00e4hlt werden und ein beliebiges installiertes Programm ge\u00f6ffnet werden.<\/p>\n<p>Wenn man \u00fcber diese Methoden aus InDesign eine Bild- oder Grafikdatei \u00f6ffnet, bearbeitet und diese danach speichert und schlie\u00dft, aktualisiert das Programm die entsprechende Verkn\u00fcpfung automatisch. Anders ist es, wenn Sie die Bild- oder Grafikdatei nicht aus InDesign, sondern direkt in einem anderen Programm \u00f6ffnen, bearbeiten und speichern. InDesign kann \u00c4nderung der Verkn\u00fcpfung somit nicht automatisch reproduzieren und beim \u00d6ffnen des Adobe-Programms w\u00fcrde das warnende Dreieck f\u00fcr die fehlende Verkn\u00fcpfung erscheinen.<\/p>\n<div class=\"custom-background custom-background-dos\">\n<p>Tipp: Wenn Sie \u00c4nderungen an Bildern oder Grafiken vornehmen wollen, die bereits in einem InDesign-Dokument platziert sind, so sollten Sie f\u00fcr eine reibungslose Weiterverarbeitung \u00c4nderungen \u00fcber den Befehl <span class=\"guideline\">Bearbeiten<\/span> und <span class=\"guideline\">Bearbeiten mit<\/span> ausf\u00fchren. Somit werden bestehende Verkn\u00fcpfungen automatisch aktualisiert.<\/p>\n<\/div>\n<p>&nbsp;<\/p>\n<h3 id=\"fehlende\">Rote Achtecke bearbeiten: Fehlende Verkn\u00fcpfungen korrigieren<\/h3>\n<p>Ist ein rotes Achteck mit einem wei\u00dfen Fragezeichen ersichtlich, so befindet sich die Grafik nicht mehr an dem Speicherort, von dem sie importiert wurde, weil sie zum Beispiel gel\u00f6scht oder verschoben wurde. Sie ist aber m\u00f6glicherweise noch vorhanden. Dieses Symbol tritt auch dann auf, wenn der Dateiname der platzierten Bild- oder Grafikdatei ge\u00e4ndert wurde.<\/p>\n<p>Falls man wei\u00df, wo die fehlenden Bild- und Grafikdateien auf dem Rechner oder einem externen Laufwerk sind, muss man diese erneut verkn\u00fcpfen. Das Bedienfeld Verkn\u00fcpfungen hat dazu ein entsprechendes Symbol oder f\u00fchrt den Befehl auch in den Optionen auf. Werden mehrere fehlende Verkn\u00fcpfungen im gleichen Ordner erkannt, so werden diese mit Ausf\u00fchrung der Meldung <span class=\"guideline\">Nach fehlenden Verkn\u00fcpfungen in diesem Ordner suchen<\/span> auch automatisch neu verkn\u00fcpft.<\/p>\n<p>Zeitaufwendig ist das erneute Verkn\u00fcpfen bei umbenannten Bild- und Grafikdateien. Dabei muss man \u00fcber das Symbol <span class=\"guideline\">Erneut verkn\u00fcpfen<\/span> jede Verkn\u00fcpfung eines umbenannten Bildes mit den neuen Pfadnamen wiederherstellen.<\/p>\n<h3 id=\"eingebettete\">Nicht verkn\u00fcpft, sondern wirklich vorhanden: Eingebettete Verkn\u00fcpfungen<\/h3>\n<p>In der Statusspalte kann auch ein helles Quadrat mit einem Grafiksymbol auftreten. Dies ist das Symbol einer eingebetteten Bild- oder Grafikdatei. Eine ausgew\u00e4hlte Bild- oder Grafikdatei bettet man mit dem Befehl <span class=\"guideline\">Verkn\u00fcpfung einbetten<\/span> im Bedienfeld <span class=\"guideline\">Verkn\u00fcpfungen<\/span> ein.<\/p>\n<p>Wenn man eine Datei einbettet, ist diese nicht l\u00e4nger mit dem Original verkn\u00fcpft. Sie befindet sich ganzheitlich in InDesign. Das sollte man allerdings nur in Ausnahmef\u00e4llen tun. Durch das Einbetten erh\u00f6ht sich die Gr\u00f6\u00dfe der Datei und InDesign-Dokumente mit mehr als 100 MB sind dann die Regel. Gegen eine Einbettung spricht auch, dass man Bilder so nachtr\u00e4glich nicht mehr bearbeiten kann.<\/p>\n<div class=\"custom-background custom-background-dos\">\n<p>Einbetten ist dann sinnvoll , wenn Sie Dateien in Ihr Dokument einf\u00fcgen m\u00f6chten, die sich mit gro\u00dfer Wahrscheinlichkeit nicht \u00e4ndern werden, beispielsweise Firmenlogos oder Piktogramme. Im Speziellen bei einer Vorlagenerstellung in InDesign hat das Einbetten von Logos Vorteile, da Sie so sicherstellen, dass immer das richtige Logo verwendet wird.<\/p>\n<\/div>\n<p>&nbsp;<\/p>\n<p>\u00dcber das Bedienfeld <span class=\"guideline\">Verkn\u00fcpfungen<\/span> kann man durch <span class=\"guideline\">Verkn\u00fcpfung wieder aufheben<\/span> eine eingebettete Datei auch wieder mit der Originaldatei verkn\u00fcpfen.<\/p>\n<h3 id=\"ohne\">Das sollte vermieden werden: Bilder ohne Verkn\u00fcpfung<\/h3>\n<p>Es kann auch sein, dass Sie in InDesign zwar Bild- und Grafikdateien sehen, im Bedienfeld sind dazu jedoch keine Eintr\u00e4ge vorhanden. In einem solchen Fall wurde ein Bild direkt aus Photoshop mit dem Verschiebenwerkzeug oder \u00fcber die Zwischenablage in ein InDesign-Dokument gelegt. Gleiches gilt auch f\u00fcr Illustrator. In solchen F\u00e4llen wird im Verkn\u00fcpfen-Bedienfeld nichts angezeigt, da f\u00fcr das Bild weder eine Verkn\u00fcpfung erstellt, noch als fehlend angezeigt werden kann. W\u00fcrde daraus eine PDF-Datei exportiert werden, w\u00fcrde demnach auch das Bild nicht optimal dargestellt werden k\u00f6nnen. Der richtige Weg w\u00e4re, das Bild oder die Grafik in InDesign wie oben beschrieben zu platzieren.<\/p>\n<h3 id=\"kopieren\">Verkn\u00fcpfung an einen anderen Ort kopieren<\/h3>\n<p>Ein bisschen versteckt ist im Bedienfeld <span class=\"guideline\">Verkn\u00fcpfungen<\/span> ein hilfreicher Befehl vorhanden, um Verkn\u00fcpfungen an einen anderen Ort zu kopieren. Dazu w\u00e4hlt man im Bedienfeld oder direkt im Layout zun\u00e4chst die entsprechenden Objekte oder Verkn\u00fcpfungslinks aus. Danach klickt man in den Optionen des Bedienfeldes <span class=\"guideline\">Verkn\u00fcpfungen<\/span> &gt; <span class=\"guideline\">Hilfsprogramm<\/span> &gt; <span class=\"guideline\">Verkn\u00fcpfung(en) kopieren nach \u2026<\/span> aus und gibt einfach den neuen Speicherort an.<\/p>\n<h3 id=\"explorer\">Dateien im Explorer anzeigen lassen<\/h3>\n<p>Eine sehr n\u00fctzliche Funktion ist auch das Anzeigen der Dateien im Explorer. Durch einen Rechtsklick auf die Datei im Verkn\u00fcpfungsbedienfeld ist unter anderem \u201eIm Explorer anzeigen\u201c zu sehen. Mit Klick auf diese Funktion wird der Speicherort eben dieser Datei im Explorer angezeigt.<\/p>\n<figure id=\"attachment_14416\" aria-describedby=\"caption-attachment-14416\" style=\"width: 402px\" class=\"wp-caption aligncenter\"><a href=\"https:\/\/www.onlineprinters.de\/magazin\/wp-content\/uploads\/2018\/09\/explorer-anzeigen-lassen.jpg\" rel=\"attachment wp-att-14416\"><img loading=\"lazy\" decoding=\"async\" class=\"td-modal-image size-full wp-image-14416\" src=\"https:\/\/www.onlineprinters.de\/magazin\/wp-content\/uploads\/2018\/09\/explorer-anzeigen-lassen.jpg\" alt=\"Dateien im Explorer anzeigen lassen\" width=\"402\" height=\"339\" srcset=\"https:\/\/www.onlineprinters.de\/magazin\/wp-content\/uploads\/2018\/09\/explorer-anzeigen-lassen.jpg 402w, https:\/\/www.onlineprinters.de\/magazin\/wp-content\/uploads\/2018\/09\/explorer-anzeigen-lassen-300x253.jpg 300w\" sizes=\"auto, (max-width: 402px) 100vw, 402px\" \/><\/a><figcaption id=\"caption-attachment-14416\" class=\"wp-caption-text\">Mit dieser Funktion beh\u00e4lt man den \u00dcberblick \u00fcber den Speicherort der Bild-\/Grafikdatei<\/figcaption><\/figure>\n<h3 id=\"voreinstellungen\">Voreinstellungen<\/h3>\n<p>Die <span class=\"guideline\">Voreinstellungen<\/span> k\u00f6nnen unter <span class=\"guideline\">Dateihandhabung<\/span> bearbeitet werden. Hier kann man beispielweise beim Platzieren von Text- und Tabellendateien Verkn\u00fcpfungen erstellen, die sogar auf Word- und Excel-Dateien referenzieren. Die Verkn\u00fcpfung zu einer Excel-Tabellendatei ist ein sehr hilfreicher Schritt, um eine InDesign-Tabelle fehlerfrei zu f\u00fcllen.<\/p>\n<p>Als eine weitere Voreinstellung kann ausgew\u00e4hlt werden, dass Bildabmessungen beim erneuten Verkn\u00fcpfen erhalten werden. Bilder und Grafiken lassen sich dann einfach aktualisieren, ohne das Originallayout zu zerst\u00f6ren.<\/p>\n<figure id=\"attachment_14415\" aria-describedby=\"caption-attachment-14415\" style=\"width: 907px\" class=\"wp-caption aligncenter\"><a href=\"https:\/\/www.onlineprinters.de\/magazin\/wp-content\/uploads\/2018\/09\/Bild_04.png\" rel=\"attachment wp-att-14415\"><img loading=\"lazy\" decoding=\"async\" class=\"td-modal-image size-full wp-image-14415\" src=\"https:\/\/www.onlineprinters.de\/magazin\/wp-content\/uploads\/2018\/09\/Bild_04.png\" alt=\"InDesign-Verkn\u00fcpfungen - Voreinstellungen\" width=\"907\" height=\"621\" srcset=\"https:\/\/www.onlineprinters.de\/magazin\/wp-content\/uploads\/2018\/09\/Bild_04.png 907w, https:\/\/www.onlineprinters.de\/magazin\/wp-content\/uploads\/2018\/09\/Bild_04-300x205.png 300w, https:\/\/www.onlineprinters.de\/magazin\/wp-content\/uploads\/2018\/09\/Bild_04-768x526.png 768w, https:\/\/www.onlineprinters.de\/magazin\/wp-content\/uploads\/2018\/09\/Bild_04-218x150.png 218w, https:\/\/www.onlineprinters.de\/magazin\/wp-content\/uploads\/2018\/09\/Bild_04-696x477.png 696w, https:\/\/www.onlineprinters.de\/magazin\/wp-content\/uploads\/2018\/09\/Bild_04-613x420.png 613w\" sizes=\"auto, (max-width: 907px) 100vw, 907px\" \/><\/a><figcaption id=\"caption-attachment-14415\" class=\"wp-caption-text\">Voreinstellungen in k\u00f6nnen das Verkn\u00fcpfen erleichtern<\/figcaption><\/figure>\n<h3 id=\"verpacken\">Mit der Funktion \u201eVerpacken\u201c auf Nummer sicher gehen<\/h3>\n<p>Letztlich gibt es den Befehl im Men\u00fc <span class=\"guideline\">Datei<\/span> &gt; <span class=\"guideline\">Verpacken<\/span>. Das Verpacken umgeht jedoch nicht die Kontrolle der Verkn\u00fcpfungen. Wenn diese allerdings passen, ist das Verpacken ideal f\u00fcr eine reibungslose Dateiweitergabe, wenn Bilder und Grafiken aus unterschiedlichen Verzeichnissen in der Datei platziert wurden. Im Verpacken-Vorgang werden alle Bilder und Grafiken zentral in einen Ordner mit der Bezeichnung \u201eLinks\u201c kopiert. Ansonsten wird in diesen verpackten Ordner noch die INDD-, eine IDML-, eine PDF-Datei und auch alle verwendeten Schriftschnitte kopiert.<\/p>\n<div class=\"custom-background custom-background-dos\">\n<p>Wenn alle Bilder und Grafiken richtig verkn\u00fcpft sind, ist das anschlie\u00dfende Verpacken von InDesign-Dokumenten letztlich der sicherste Weg, um auf alle Inhalte sauber Zugriff zu haben \u2013 quasi ein Rundum-Sorglos-Packet f\u00fcr die Archivierung und die problemlose Dateiweitergabe.<\/p>\n<\/div>\n<p>&nbsp;<\/p>\n<figure id=\"attachment_14418\" aria-describedby=\"caption-attachment-14418\" style=\"width: 696px\" class=\"wp-caption aligncenter\"><a href=\"https:\/\/www.onlineprinters.de\/magazin\/wp-content\/uploads\/2018\/09\/Verpacken_01.jpg\" rel=\"attachment wp-att-14418\"><img loading=\"lazy\" decoding=\"async\" class=\"td-modal-image size-large wp-image-14418\" src=\"https:\/\/www.onlineprinters.de\/magazin\/wp-content\/uploads\/2018\/09\/Verpacken_01-1024x320.jpg\" alt=\"Verpacken - Dialog\" width=\"696\" height=\"218\" srcset=\"https:\/\/www.onlineprinters.de\/magazin\/wp-content\/uploads\/2018\/09\/Verpacken_01-1024x320.jpg 1024w, https:\/\/www.onlineprinters.de\/magazin\/wp-content\/uploads\/2018\/09\/Verpacken_01-300x94.jpg 300w, https:\/\/www.onlineprinters.de\/magazin\/wp-content\/uploads\/2018\/09\/Verpacken_01-768x240.jpg 768w, https:\/\/www.onlineprinters.de\/magazin\/wp-content\/uploads\/2018\/09\/Verpacken_01-696x217.jpg 696w, https:\/\/www.onlineprinters.de\/magazin\/wp-content\/uploads\/2018\/09\/Verpacken_01-1068x333.jpg 1068w, https:\/\/www.onlineprinters.de\/magazin\/wp-content\/uploads\/2018\/09\/Verpacken_01-1345x420.jpg 1345w, https:\/\/www.onlineprinters.de\/magazin\/wp-content\/uploads\/2018\/09\/Verpacken_01.jpg 1480w\" sizes=\"auto, (max-width: 696px) 100vw, 696px\" \/><\/a><figcaption id=\"caption-attachment-14418\" class=\"wp-caption-text\">Nach der Kontrolle der Verkn\u00fcpfungen wird die Datei f\u00fcr die Archivierung und die Dateiweitergabe verpackt<\/figcaption><\/figure>\n<figure id=\"attachment_14414\" aria-describedby=\"caption-attachment-14414\" style=\"width: 904px\" class=\"wp-caption aligncenter\"><a href=\"https:\/\/www.onlineprinters.de\/magazin\/wp-content\/uploads\/2018\/09\/Verpacken_02.jpg\" rel=\"attachment wp-att-14414\"><img loading=\"lazy\" decoding=\"async\" class=\"td-modal-image size-full wp-image-14414\" src=\"https:\/\/www.onlineprinters.de\/magazin\/wp-content\/uploads\/2018\/09\/Verpacken_02.jpg\" alt=\"Verpacken - Ordneransicht\" width=\"904\" height=\"604\" srcset=\"https:\/\/www.onlineprinters.de\/magazin\/wp-content\/uploads\/2018\/09\/Verpacken_02.jpg 904w, https:\/\/www.onlineprinters.de\/magazin\/wp-content\/uploads\/2018\/09\/Verpacken_02-300x200.jpg 300w, https:\/\/www.onlineprinters.de\/magazin\/wp-content\/uploads\/2018\/09\/Verpacken_02-768x513.jpg 768w, https:\/\/www.onlineprinters.de\/magazin\/wp-content\/uploads\/2018\/09\/Verpacken_02-696x465.jpg 696w, https:\/\/www.onlineprinters.de\/magazin\/wp-content\/uploads\/2018\/09\/Verpacken_02-629x420.jpg 629w\" sizes=\"auto, (max-width: 904px) 100vw, 904px\" \/><\/a><figcaption id=\"caption-attachment-14414\" class=\"wp-caption-text\">Diese Inhalte entstehen beim Verpacken<\/figcaption><\/figure>\n<h2 id=\"tipps\">Tipps: Dos &amp; Don\u00b4ts<\/h2>\n<div class=\"custom-background custom-background-dos\">\n<h3>Dos<\/h3>\n<ul>\n<li>Kopieren Sie am besten bereits im Vorfeld alle Inhalte in einen Materialordner innerhalb des Projektordners.<\/li>\n<li>Wenn Sie mit Logos arbeiten empfiehlt es sich, die Verkn\u00fcpfung zur Logodatei einzubetten.<\/li>\n<li>Verpacken Sie InDesign-Dateien am Ende der Bearbeitung f\u00fcr eine problemlose Weitergabe oder Archivierung.<\/li>\n<\/ul>\n<\/div>\n<div class=\"custom-background custom-background-donts\">\n<h3>Don\u00b4ts<\/h3>\n<ul>\n<li>Betten Sie Verkn\u00fcpfungen zu Bilddateien m\u00f6glichst nicht ein, au\u00dfer es handelt sich um Inhalte, die sich mit gro\u00dfer Wahrscheinlichkeit nicht mehr \u00e4ndern werden, wie zum Beispiel Logos.<\/li>\n<li>Ziehen Sie Bilder f\u00fcr Projekte mit hochwertiger Druckausgabe nicht direkt von Photoshop in das InDesign-Dokument, sondern platzieren Sie diese.<\/li>\n<li>Vermeiden Sie es, Dateinamen von platzierten Bild- und Grafikdateien nachtr\u00e4glich zu \u00e4ndern.<\/li>\n<\/ul>\n<\/div>\n<p>&nbsp;<\/p>\n","protected":false},"excerpt":{"rendered":"<p>InDesign-Verkn\u00fcpfungen sollten gut gepflegt werden, besonders f\u00fcr die Weitergabe von Druckprojekten. Wir haben alles Wissenswerte f\u00fcr Sie zusammengefasst. <\/p>\n","protected":false},"author":24,"featured_media":14483,"comment_status":"open","ping_status":"open","sticky":false,"template":"","format":"standard","meta":{"footnotes":""},"categories":[165,5,6,50,51],"tags":[],"class_list":["post-14370","post","type-post","status-publish","format-standard","has-post-thumbnail","hentry","category-creative-cloud-indesign-tipps","category-design","category-design-creative-cloud","category-tutorials","category-tutorials-indesign","post_overlay_tag-dos-donts"],"yoast_head":"<!-- This site is optimized with the Yoast SEO plugin v27.5 - https:\/\/yoast.com\/product\/yoast-seo-wordpress\/ -->\n<title>InDesign Verkn\u00fcpfungen aktualisieren, Bilder einbetten &amp; Tricks<\/title>\n<meta name=\"description\" content=\"Wie Sie InDesign Verkn\u00fcpfungen aktualisieren oder l\u00f6schen, Bilder einbetten und worauf man alles achten sollte, erfahren Sie hier mit vielen Tipps &amp; Tricks!\" \/>\n<meta name=\"robots\" content=\"index, follow, max-snippet:-1, max-image-preview:large, max-video-preview:-1\" \/>\n<link rel=\"canonical\" href=\"https:\/\/www.onlineprinters.de\/magazin\/indesign-verknuepfungen-dos-donts\/\" \/>\n<meta property=\"og:locale\" content=\"de_DE\" \/>\n<meta property=\"og:type\" content=\"article\" \/>\n<meta property=\"og:title\" content=\"Gewusst wie - InDesign-Verkn\u00fcpfungen\" \/>\n<meta property=\"og:description\" content=\"Ein kompakter Verkn\u00fcpfungs-Leitfaden.\" \/>\n<meta property=\"og:url\" content=\"https:\/\/www.onlineprinters.de\/magazin\/indesign-verknuepfungen-dos-donts\/\" \/>\n<meta property=\"og:site_name\" content=\"Onlineprinters Magazin\" \/>\n<meta property=\"article:published_time\" content=\"2018-09-27T09:50:31+00:00\" \/>\n<meta property=\"article:modified_time\" content=\"2025-04-28T14:02:26+00:00\" \/>\n<meta property=\"og:image\" content=\"https:\/\/www.onlineprinters.de\/magazin\/wp-content\/uploads\/2018\/09\/Beitragsbild_Facebook_InDesign-Verkn\u00fcpfungen_single.jpg\" \/>\n\t<meta property=\"og:image:width\" content=\"1200\" \/>\n\t<meta property=\"og:image:height\" content=\"627\" \/>\n\t<meta property=\"og:image:type\" content=\"image\/jpeg\" \/>\n<meta name=\"author\" content=\"Ramona\" \/>\n<meta name=\"twitter:card\" content=\"summary_large_image\" \/>\n<script type=\"application\/ld+json\" class=\"yoast-schema-graph\">{\"@context\":\"https:\\\/\\\/schema.org\",\"@graph\":[{\"@type\":\"Article\",\"@id\":\"https:\\\/\\\/www.onlineprinters.de\\\/magazin\\\/indesign-verknuepfungen-dos-donts\\\/#article\",\"isPartOf\":{\"@id\":\"https:\\\/\\\/www.onlineprinters.de\\\/magazin\\\/indesign-verknuepfungen-dos-donts\\\/\"},\"author\":{\"name\":\"Ramona\",\"@id\":\"https:\\\/\\\/www.onlineprinters.de\\\/magazin\\\/#\\\/schema\\\/person\\\/d79ba2db96e33e04ed71525f52bb1eb9\"},\"headline\":\"Gewusst wie: InDesign-Verkn\u00fcpfungen clever nutzen\",\"datePublished\":\"2018-09-27T09:50:31+00:00\",\"dateModified\":\"2025-04-28T14:02:26+00:00\",\"mainEntityOfPage\":{\"@id\":\"https:\\\/\\\/www.onlineprinters.de\\\/magazin\\\/indesign-verknuepfungen-dos-donts\\\/\"},\"wordCount\":2166,\"commentCount\":0,\"image\":{\"@id\":\"https:\\\/\\\/www.onlineprinters.de\\\/magazin\\\/indesign-verknuepfungen-dos-donts\\\/#primaryimage\"},\"thumbnailUrl\":\"https:\\\/\\\/www.onlineprinters.de\\\/magazin\\\/wp-content\\\/uploads\\\/2018\\\/09\\\/Beitragsbild_InDesign-Verkn\u00fcpfungen_single.jpg\",\"articleSection\":[\"Creative Cloud InDesign\",\"Design\",\"Design Creative Cloud\",\"Tutorials\",\"Tutorials Indesign\"],\"inLanguage\":\"de\",\"potentialAction\":[{\"@type\":\"CommentAction\",\"name\":\"Comment\",\"target\":[\"https:\\\/\\\/www.onlineprinters.de\\\/magazin\\\/indesign-verknuepfungen-dos-donts\\\/#respond\"]}]},{\"@type\":\"WebPage\",\"@id\":\"https:\\\/\\\/www.onlineprinters.de\\\/magazin\\\/indesign-verknuepfungen-dos-donts\\\/\",\"url\":\"https:\\\/\\\/www.onlineprinters.de\\\/magazin\\\/indesign-verknuepfungen-dos-donts\\\/\",\"name\":\"InDesign Verkn\u00fcpfungen aktualisieren, Bilder einbetten & Tricks\",\"isPartOf\":{\"@id\":\"https:\\\/\\\/www.onlineprinters.de\\\/magazin\\\/#website\"},\"primaryImageOfPage\":{\"@id\":\"https:\\\/\\\/www.onlineprinters.de\\\/magazin\\\/indesign-verknuepfungen-dos-donts\\\/#primaryimage\"},\"image\":{\"@id\":\"https:\\\/\\\/www.onlineprinters.de\\\/magazin\\\/indesign-verknuepfungen-dos-donts\\\/#primaryimage\"},\"thumbnailUrl\":\"https:\\\/\\\/www.onlineprinters.de\\\/magazin\\\/wp-content\\\/uploads\\\/2018\\\/09\\\/Beitragsbild_InDesign-Verkn\u00fcpfungen_single.jpg\",\"datePublished\":\"2018-09-27T09:50:31+00:00\",\"dateModified\":\"2025-04-28T14:02:26+00:00\",\"author\":{\"@id\":\"https:\\\/\\\/www.onlineprinters.de\\\/magazin\\\/#\\\/schema\\\/person\\\/d79ba2db96e33e04ed71525f52bb1eb9\"},\"description\":\"Wie Sie InDesign Verkn\u00fcpfungen aktualisieren oder l\u00f6schen, Bilder einbetten und worauf man alles achten sollte, erfahren Sie hier mit vielen Tipps & Tricks!\",\"inLanguage\":\"de\",\"potentialAction\":[{\"@type\":\"ReadAction\",\"target\":[\"https:\\\/\\\/www.onlineprinters.de\\\/magazin\\\/indesign-verknuepfungen-dos-donts\\\/\"]}]},{\"@type\":\"ImageObject\",\"inLanguage\":\"de\",\"@id\":\"https:\\\/\\\/www.onlineprinters.de\\\/magazin\\\/indesign-verknuepfungen-dos-donts\\\/#primaryimage\",\"url\":\"https:\\\/\\\/www.onlineprinters.de\\\/magazin\\\/wp-content\\\/uploads\\\/2018\\\/09\\\/Beitragsbild_InDesign-Verkn\u00fcpfungen_single.jpg\",\"contentUrl\":\"https:\\\/\\\/www.onlineprinters.de\\\/magazin\\\/wp-content\\\/uploads\\\/2018\\\/09\\\/Beitragsbild_InDesign-Verkn\u00fcpfungen_single.jpg\",\"width\":1068,\"height\":580,\"caption\":\"Beitragsbild_InDesign-Verkn\u00fcpfungen\"},{\"@type\":\"WebSite\",\"@id\":\"https:\\\/\\\/www.onlineprinters.de\\\/magazin\\\/#website\",\"url\":\"https:\\\/\\\/www.onlineprinters.de\\\/magazin\\\/\",\"name\":\"Onlineprinters Magazin\",\"description\":\"\",\"potentialAction\":[{\"@type\":\"SearchAction\",\"target\":{\"@type\":\"EntryPoint\",\"urlTemplate\":\"https:\\\/\\\/www.onlineprinters.de\\\/magazin\\\/?s={search_term_string}\"},\"query-input\":{\"@type\":\"PropertyValueSpecification\",\"valueRequired\":true,\"valueName\":\"search_term_string\"}}],\"inLanguage\":\"de\"},{\"@type\":\"Person\",\"@id\":\"https:\\\/\\\/www.onlineprinters.de\\\/magazin\\\/#\\\/schema\\\/person\\\/d79ba2db96e33e04ed71525f52bb1eb9\",\"name\":\"Ramona\",\"image\":{\"@type\":\"ImageObject\",\"inLanguage\":\"de\",\"@id\":\"https:\\\/\\\/www.onlineprinters.de\\\/magazin\\\/wp-content\\\/uploads\\\/2017\\\/10\\\/Blogbild-3-150x150.png\",\"url\":\"https:\\\/\\\/www.onlineprinters.de\\\/magazin\\\/wp-content\\\/uploads\\\/2017\\\/10\\\/Blogbild-3-150x150.png\",\"contentUrl\":\"https:\\\/\\\/www.onlineprinters.de\\\/magazin\\\/wp-content\\\/uploads\\\/2017\\\/10\\\/Blogbild-3-150x150.png\",\"caption\":\"Ramona\"},\"description\":\"H\u00e4tte, h\u00e4tte, Fahrradkette \u2013 ich bin ein Fan davon die Dinge konsequent anzupacken und versuche weniger verpassten Gelegenheiten nachzuh\u00e4ngen. Jeden Tag \u00f6ffnen sich neue T\u00fcren und in unserer schnelllebigen Zeit der selbstf\u00fcllenden K\u00fchlschr\u00e4nke, Next-day-deliverys und twitternden Pr\u00e4sidenten sind das jede Menge. Nach meinem Studium der Medienkommunikation habe ich mich vor allem den spannenden Entwicklungen des Online Marketings verschrieben. In meinen Artikeln m\u00f6chte ich die neuen Trends und Inspirationen auf diesem Gebiet so lebhaft und praxisnah wie m\u00f6glich an die Leser weitergeben.\",\"url\":\"https:\\\/\\\/www.onlineprinters.de\\\/magazin\\\/author\\\/ramona\\\/\"}]}<\/script>\n<!-- \/ Yoast SEO plugin. -->","yoast_head_json":{"title":"InDesign Verkn\u00fcpfungen aktualisieren, Bilder einbetten & Tricks","description":"Wie Sie InDesign Verkn\u00fcpfungen aktualisieren oder l\u00f6schen, Bilder einbetten und worauf man alles achten sollte, erfahren Sie hier mit vielen Tipps & Tricks!","robots":{"index":"index","follow":"follow","max-snippet":"max-snippet:-1","max-image-preview":"max-image-preview:large","max-video-preview":"max-video-preview:-1"},"canonical":"https:\/\/www.onlineprinters.de\/magazin\/indesign-verknuepfungen-dos-donts\/","og_locale":"de_DE","og_type":"article","og_title":"Gewusst wie - InDesign-Verkn\u00fcpfungen","og_description":"Ein kompakter Verkn\u00fcpfungs-Leitfaden.","og_url":"https:\/\/www.onlineprinters.de\/magazin\/indesign-verknuepfungen-dos-donts\/","og_site_name":"Onlineprinters Magazin","article_published_time":"2018-09-27T09:50:31+00:00","article_modified_time":"2025-04-28T14:02:26+00:00","og_image":[{"width":1200,"height":627,"url":"https:\/\/www.onlineprinters.de\/magazin\/wp-content\/uploads\/2018\/09\/Beitragsbild_Facebook_InDesign-Verkn\u00fcpfungen_single.jpg","type":"image\/jpeg"}],"author":"Ramona","twitter_card":"summary_large_image","schema":{"@context":"https:\/\/schema.org","@graph":[{"@type":"Article","@id":"https:\/\/www.onlineprinters.de\/magazin\/indesign-verknuepfungen-dos-donts\/#article","isPartOf":{"@id":"https:\/\/www.onlineprinters.de\/magazin\/indesign-verknuepfungen-dos-donts\/"},"author":{"name":"Ramona","@id":"https:\/\/www.onlineprinters.de\/magazin\/#\/schema\/person\/d79ba2db96e33e04ed71525f52bb1eb9"},"headline":"Gewusst wie: InDesign-Verkn\u00fcpfungen clever nutzen","datePublished":"2018-09-27T09:50:31+00:00","dateModified":"2025-04-28T14:02:26+00:00","mainEntityOfPage":{"@id":"https:\/\/www.onlineprinters.de\/magazin\/indesign-verknuepfungen-dos-donts\/"},"wordCount":2166,"commentCount":0,"image":{"@id":"https:\/\/www.onlineprinters.de\/magazin\/indesign-verknuepfungen-dos-donts\/#primaryimage"},"thumbnailUrl":"https:\/\/www.onlineprinters.de\/magazin\/wp-content\/uploads\/2018\/09\/Beitragsbild_InDesign-Verkn\u00fcpfungen_single.jpg","articleSection":["Creative Cloud InDesign","Design","Design Creative Cloud","Tutorials","Tutorials Indesign"],"inLanguage":"de","potentialAction":[{"@type":"CommentAction","name":"Comment","target":["https:\/\/www.onlineprinters.de\/magazin\/indesign-verknuepfungen-dos-donts\/#respond"]}]},{"@type":"WebPage","@id":"https:\/\/www.onlineprinters.de\/magazin\/indesign-verknuepfungen-dos-donts\/","url":"https:\/\/www.onlineprinters.de\/magazin\/indesign-verknuepfungen-dos-donts\/","name":"InDesign Verkn\u00fcpfungen aktualisieren, Bilder einbetten & Tricks","isPartOf":{"@id":"https:\/\/www.onlineprinters.de\/magazin\/#website"},"primaryImageOfPage":{"@id":"https:\/\/www.onlineprinters.de\/magazin\/indesign-verknuepfungen-dos-donts\/#primaryimage"},"image":{"@id":"https:\/\/www.onlineprinters.de\/magazin\/indesign-verknuepfungen-dos-donts\/#primaryimage"},"thumbnailUrl":"https:\/\/www.onlineprinters.de\/magazin\/wp-content\/uploads\/2018\/09\/Beitragsbild_InDesign-Verkn\u00fcpfungen_single.jpg","datePublished":"2018-09-27T09:50:31+00:00","dateModified":"2025-04-28T14:02:26+00:00","author":{"@id":"https:\/\/www.onlineprinters.de\/magazin\/#\/schema\/person\/d79ba2db96e33e04ed71525f52bb1eb9"},"description":"Wie Sie InDesign Verkn\u00fcpfungen aktualisieren oder l\u00f6schen, Bilder einbetten und worauf man alles achten sollte, erfahren Sie hier mit vielen Tipps & Tricks!","inLanguage":"de","potentialAction":[{"@type":"ReadAction","target":["https:\/\/www.onlineprinters.de\/magazin\/indesign-verknuepfungen-dos-donts\/"]}]},{"@type":"ImageObject","inLanguage":"de","@id":"https:\/\/www.onlineprinters.de\/magazin\/indesign-verknuepfungen-dos-donts\/#primaryimage","url":"https:\/\/www.onlineprinters.de\/magazin\/wp-content\/uploads\/2018\/09\/Beitragsbild_InDesign-Verkn\u00fcpfungen_single.jpg","contentUrl":"https:\/\/www.onlineprinters.de\/magazin\/wp-content\/uploads\/2018\/09\/Beitragsbild_InDesign-Verkn\u00fcpfungen_single.jpg","width":1068,"height":580,"caption":"Beitragsbild_InDesign-Verkn\u00fcpfungen"},{"@type":"WebSite","@id":"https:\/\/www.onlineprinters.de\/magazin\/#website","url":"https:\/\/www.onlineprinters.de\/magazin\/","name":"Onlineprinters Magazin","description":"","potentialAction":[{"@type":"SearchAction","target":{"@type":"EntryPoint","urlTemplate":"https:\/\/www.onlineprinters.de\/magazin\/?s={search_term_string}"},"query-input":{"@type":"PropertyValueSpecification","valueRequired":true,"valueName":"search_term_string"}}],"inLanguage":"de"},{"@type":"Person","@id":"https:\/\/www.onlineprinters.de\/magazin\/#\/schema\/person\/d79ba2db96e33e04ed71525f52bb1eb9","name":"Ramona","image":{"@type":"ImageObject","inLanguage":"de","@id":"https:\/\/www.onlineprinters.de\/magazin\/wp-content\/uploads\/2017\/10\/Blogbild-3-150x150.png","url":"https:\/\/www.onlineprinters.de\/magazin\/wp-content\/uploads\/2017\/10\/Blogbild-3-150x150.png","contentUrl":"https:\/\/www.onlineprinters.de\/magazin\/wp-content\/uploads\/2017\/10\/Blogbild-3-150x150.png","caption":"Ramona"},"description":"H\u00e4tte, h\u00e4tte, Fahrradkette \u2013 ich bin ein Fan davon die Dinge konsequent anzupacken und versuche weniger verpassten Gelegenheiten nachzuh\u00e4ngen. Jeden Tag \u00f6ffnen sich neue T\u00fcren und in unserer schnelllebigen Zeit der selbstf\u00fcllenden K\u00fchlschr\u00e4nke, Next-day-deliverys und twitternden Pr\u00e4sidenten sind das jede Menge. Nach meinem Studium der Medienkommunikation habe ich mich vor allem den spannenden Entwicklungen des Online Marketings verschrieben. In meinen Artikeln m\u00f6chte ich die neuen Trends und Inspirationen auf diesem Gebiet so lebhaft und praxisnah wie m\u00f6glich an die Leser weitergeben.","url":"https:\/\/www.onlineprinters.de\/magazin\/author\/ramona\/"}]}},"_links":{"self":[{"href":"https:\/\/www.onlineprinters.de\/magazin\/wp-json\/wp\/v2\/posts\/14370","targetHints":{"allow":["GET"]}}],"collection":[{"href":"https:\/\/www.onlineprinters.de\/magazin\/wp-json\/wp\/v2\/posts"}],"about":[{"href":"https:\/\/www.onlineprinters.de\/magazin\/wp-json\/wp\/v2\/types\/post"}],"author":[{"embeddable":true,"href":"https:\/\/www.onlineprinters.de\/magazin\/wp-json\/wp\/v2\/users\/24"}],"replies":[{"embeddable":true,"href":"https:\/\/www.onlineprinters.de\/magazin\/wp-json\/wp\/v2\/comments?post=14370"}],"version-history":[{"count":6,"href":"https:\/\/www.onlineprinters.de\/magazin\/wp-json\/wp\/v2\/posts\/14370\/revisions"}],"predecessor-version":[{"id":42394,"href":"https:\/\/www.onlineprinters.de\/magazin\/wp-json\/wp\/v2\/posts\/14370\/revisions\/42394"}],"wp:featuredmedia":[{"embeddable":true,"href":"https:\/\/www.onlineprinters.de\/magazin\/wp-json\/wp\/v2\/media\/14483"}],"wp:attachment":[{"href":"https:\/\/www.onlineprinters.de\/magazin\/wp-json\/wp\/v2\/media?parent=14370"}],"wp:term":[{"taxonomy":"category","embeddable":true,"href":"https:\/\/www.onlineprinters.de\/magazin\/wp-json\/wp\/v2\/categories?post=14370"},{"taxonomy":"post_tag","embeddable":true,"href":"https:\/\/www.onlineprinters.de\/magazin\/wp-json\/wp\/v2\/tags?post=14370"}],"curies":[{"name":"wp","href":"https:\/\/api.w.org\/{rel}","templated":true}]}}