{"id":23494,"date":"2023-09-22T10:05:18","date_gmt":"2023-09-22T08:05:18","guid":{"rendered":"https:\/\/www.diedruckerei.de\/magazin\/?p=23494"},"modified":"2025-04-28T15:05:46","modified_gmt":"2025-04-28T13:05:46","slug":"indesign-tabellen-erstellen","status":"publish","type":"post","link":"https:\/\/www.onlineprinters.de\/magazin\/indesign-tabellen-erstellen\/","title":{"rendered":"InDesign-Tabellen erstellen \u2013 mit Tischkalendervorlagen"},"content":{"rendered":"<p>Tabellen helfen Informationen \u00fcbersichtlich darzustellen. Doch was macht man, wenn einfache Tabellen und \u00dcbersichten aus Excel optisch nicht ausreichen? Mehr Gestaltungsspielraum bietet Adobe InDesign. Mit den zahlreichen optischen Bearbeitungsm\u00f6glichkeiten k\u00f6nnen Sie nicht nur Preise und \u00d6ffnungszeiten optisch sch\u00f6ner darstellen, sondern auch Produktdetails oder Kalendertage. In unserem Tutorial zeigen wir Ihnen, wie Sie mit nur wenigen Bedienfeldern in InDesign Tabellen erstellen k\u00f6nnen.<\/p>\n<p>Au\u00dferdem haben wir f\u00fcr Sie <a href=\"#vorlagen\">Tischkalendervorlagen<\/a> erstellt, die Sie f\u00fcr Ihre Designs nutzen d\u00fcrfen.<\/p>\n<h2>Videotutorial<\/h2>\n<p><iframe loading=\"lazy\" src=\"https:\/\/www.youtube.com\/embed\/WYUih-LUBmA\" width=\"560\" height=\"315\" frameborder=\"0\" allowfullscreen=\"allowfullscreen\"><\/iframe><\/p>\n<p><strong>Inhaltsverzeichnis<\/strong><\/p>\n<ul>\n<li><a href=\"#vorlagen\">Kostenlose Druckvorlagen: Tischkalender f\u00fcr 2023<\/a><\/li>\n<li><a href=\"#tabellenerstellen\">Mit Indesign Tabellen erstellen<\/a><\/li>\n<li><a href=\"#formatierungsoptionen\">Zahlreiche Formatierungsoptionen<\/a><\/li>\n<li><a href=\"#absatzformate\">Absatzformate definieren und speichern<\/a><\/li>\n<li><a href=\"#inhalte\">Inhalt in die Tabelle einf\u00fcgen und formatieren<\/a><\/li>\n<li><a href=\"#tabellenformatieren\">InDesign-Tabellen final formatieren<\/a><\/li>\n<li><a href=\"#individuellerfeinschliff\">Feinschliff: Druckvorlagen individualisieren<\/a><\/li>\n<\/ul>\n<p>Hilfreich k\u00f6nnen Tabellen auch bei der Erstellung von Kalendern sein. Da sich zu Beginn eines jeden Monats in der Regel der Wochentag \u00e4ndert, k\u00f6nnen vorformatierte Tabellen verwendet werden, bei denen nur noch die Kalendertage eingesetzt werden m\u00fcssen. Das spart nicht nur Zeit, sondern l\u00e4sst sich auch f\u00fcr Folgejahre leichter anpassen \u2013 inhaltlich sowie gestalterisch.<\/p>\n<p><img loading=\"lazy\" decoding=\"async\" class=\"alignnone wp-image-40520 size-large\" style=\"text-align: center;\" src=\"https:\/\/www.onlineprinters.de\/magazin\/wp-content\/uploads\/2022\/10\/Titelseite_2024-1024x684.jpg\" alt=\"Kalendervorlage_Titelseite_2024\" width=\"696\" height=\"465\" srcset=\"https:\/\/www.onlineprinters.de\/magazin\/wp-content\/uploads\/2022\/10\/Titelseite_2024-1024x684.jpg 1024w, https:\/\/www.onlineprinters.de\/magazin\/wp-content\/uploads\/2022\/10\/Titelseite_2024-300x200.jpg 300w, https:\/\/www.onlineprinters.de\/magazin\/wp-content\/uploads\/2022\/10\/Titelseite_2024-768x513.jpg 768w, https:\/\/www.onlineprinters.de\/magazin\/wp-content\/uploads\/2022\/10\/Titelseite_2024-696x465.jpg 696w, https:\/\/www.onlineprinters.de\/magazin\/wp-content\/uploads\/2022\/10\/Titelseite_2024-1068x713.jpg 1068w, https:\/\/www.onlineprinters.de\/magazin\/wp-content\/uploads\/2022\/10\/Titelseite_2024-629x420.jpg 629w, https:\/\/www.onlineprinters.de\/magazin\/wp-content\/uploads\/2022\/10\/Titelseite_2024.jpg 1200w\" sizes=\"auto, (max-width: 696px) 100vw, 696px\" \/><\/p>\n<p>Sie k\u00f6nnen Ihre Kalender selbst frei gestalten oder einfach unsere <strong>kostenlosen Druckvorlagen f\u00fcr DIN-A5-Tischkalender<\/strong> nutzen:<a name=\"vorlagen\"><\/a><\/p>\n<p style=\"text-align: center;\"><a href=\"\/$WS\/diedruckerei\/shopdata\/web\/images\/landingpages\/content\/kalendervorlagen\/Tischkalender_2024.zip\"><span class=\"td_btn td_btn_sm td_default_btn\">Druckvorlage Tischkalender 2024<\/span><\/a><\/p>\n<p style=\"text-align: center;\"><a href=\"\/$WS\/diedruckerei\/shopdata\/web\/images\/landingpages\/content\/kalendervorlagen\/Tischkalender_2025.zip\"><span class=\"td_btn td_btn_sm td_default_btn\">Druckvorlage Tischkalender 2025<\/span><\/a><\/p>\n<p style=\"text-align: center;\"><a href=\"\/$WS\/diedruckerei\/shopdata\/web\/images\/landingpages\/content\/kalendervorlagen\/Tischkalender_2026.zip\"><span class=\"td_btn td_btn_sm td_default_btn\">Druckvorlage Tischkalender 2026<\/span><\/a><\/p>\n<p><em><span style=\"font-size: 8pt; line-height: 8pt;\">Hinweis: Bilder in den Vorlagen sind als Inspiration gedacht und nicht in Druckaufl\u00f6sung eingebettet oder verkn\u00fcpft.\u00a0<\/span><\/em><\/p>\n<p>Laden Sie sich einfach unsere Vorlagen herunter, f\u00fcgen Sie eigene Bilder ein und bestellen Sie Ihre individuellen <a href=\"https:\/\/www.onlineprinters.de\/k\/tischkalender\">Tischkalender<\/a> im DIN-A5-Format bei Onlineprinters. Bei Bedarf k\u00f6nnen Sie nat\u00fcrlich auch die Farben und Schriften der Vorlage tauschen. Wie Sie ein Druck-PDF erstellen, erfahren Sie in unserem Beitrag <a href=\"https:\/\/www.onlineprinters.de\/magazin\/druckfertige-pdfs-exportieren-indesign\/\">Ctrl + E: Druckfertige PDFs exportieren mit InDesign<\/a>.<\/p>\n<h2><a name=\"tabellenerstellen\"><\/a>Mit Indesign Tabellen erstellen \u2013 erste Einstellungen<\/h2>\n<p>Die Daten des Kalenders werden mit Hilfe einer Tabelle dargestellt. In InDesign Tabellen erstellen geht recht einfach: Klicken Sie im oberen Men\u00fc auf den Reiter <span class=\"guideline\">Tabelle<\/span> und anschlie\u00dfend auf den Befehl <span class=\"guideline\">Tabelle erzeugen<\/span>. In diesem Tutorial arbeiten Sie nur mit diesem einen Bedienfeld. Die Tabelle wird im weiteren Verlauf \u00fcber die Hauptoberfl\u00e4che von InDesign formatiert und gestaltet.<a href=\"https:\/\/www.onlineprinters.de\/magazin\/wp-content\/uploads\/2019\/10\/Bild_2.jpg\"><img loading=\"lazy\" decoding=\"async\" class=\"td-modal-image aligncenter wp-image-23504 size-large\" src=\"https:\/\/www.onlineprinters.de\/magazin\/wp-content\/uploads\/2019\/10\/Bild_2-1024x556.jpg\" alt=\"Ein Bild, das ein digitales Dialogfeld zum Erstellen von InDesign-Tabellen mit Optionen f\u00fcr Zeilen, Spalten und andere Einstellungen zeigt. Es ist wundersch\u00f6n vor dem Hintergrund einer schneebedeckten Berglandschaft platziert.\" width=\"696\" height=\"378\" srcset=\"https:\/\/www.onlineprinters.de\/magazin\/wp-content\/uploads\/2019\/10\/Bild_2-1024x556.jpg 1024w, https:\/\/www.onlineprinters.de\/magazin\/wp-content\/uploads\/2019\/10\/Bild_2-300x163.jpg 300w, https:\/\/www.onlineprinters.de\/magazin\/wp-content\/uploads\/2019\/10\/Bild_2-768x417.jpg 768w, https:\/\/www.onlineprinters.de\/magazin\/wp-content\/uploads\/2019\/10\/Bild_2-696x378.jpg 696w, https:\/\/www.onlineprinters.de\/magazin\/wp-content\/uploads\/2019\/10\/Bild_2-1068x580.jpg 1068w, https:\/\/www.onlineprinters.de\/magazin\/wp-content\/uploads\/2019\/10\/Bild_2-774x420.jpg 774w, https:\/\/www.onlineprinters.de\/magazin\/wp-content\/uploads\/2019\/10\/Bild_2.jpg 1280w\" sizes=\"auto, (max-width: 696px) 100vw, 696px\" \/><\/a><\/p>\n<div class=\"custom-background custom-background-donts\">\n<p><strong>Wichtig:<\/strong> Damit Sie Textanpassungen und Tabellenformate einstellen k\u00f6nnen, muss der erweitere Arbeitsbereich sichtbar sein. Dies k\u00f6nnen Sie im Men\u00fcpunkt <span class=\"guideline\">Fenster<\/span> unter <span class=\"guideline\">Arbeitsbereich<\/span> einstellen. W\u00e4hlen Sie hier einfach den Befehl <span class=\"guideline\">[Erweitert]<\/span>.<\/p>\n<\/div>\n<p>Stellen Sie im ge\u00f6ffneten Bedienfeld <span class=\"guideline\">Tabelle erstellen<\/span> die Anzahl der Zeilen und die Spalten ein. F\u00fcr die Tischkalender ben\u00f6tigen wir f\u00fcnf Zeilen und sieben Spalten. Zus\u00e4tzlich wird eine Kopfzeile ben\u00f6tigt, in der wir sp\u00e4ter die Abk\u00fcrzungen f\u00fcr die Wochentage einf\u00fcgen. Eine Fu\u00dfzeile ben\u00f6tigen wir nicht. Best\u00e4tigen Sie anschlie\u00dfend das Bedienfeld mit <span class=\"guideline\">OK<\/span> und ziehen Sie mit gedr\u00fcckter linker Maustaste die Tabelle im freien Bereich des Kalenders auf. InDesign generiert Ihnen dann eine Tabelle mit Ihren Einstellungen. Die Position de Tabelle k\u00f6nnen Sie nat\u00fcrlich jederzeit ver\u00e4ndern.<\/p>\n<h2><a href=\"https:\/\/www.onlineprinters.de\/magazin\/wp-content\/uploads\/2019\/10\/Bild_3.jpg\"><img loading=\"lazy\" decoding=\"async\" class=\"td-modal-image aligncenter wp-image-23505 size-large\" src=\"https:\/\/www.onlineprinters.de\/magazin\/wp-content\/uploads\/2019\/10\/Bild_3-1024x556.jpg\" alt=\"Tabelle einf\u00fcgen\" width=\"696\" height=\"378\" srcset=\"https:\/\/www.onlineprinters.de\/magazin\/wp-content\/uploads\/2019\/10\/Bild_3-1024x556.jpg 1024w, https:\/\/www.onlineprinters.de\/magazin\/wp-content\/uploads\/2019\/10\/Bild_3-300x163.jpg 300w, https:\/\/www.onlineprinters.de\/magazin\/wp-content\/uploads\/2019\/10\/Bild_3-768x417.jpg 768w, https:\/\/www.onlineprinters.de\/magazin\/wp-content\/uploads\/2019\/10\/Bild_3-696x378.jpg 696w, https:\/\/www.onlineprinters.de\/magazin\/wp-content\/uploads\/2019\/10\/Bild_3-1068x580.jpg 1068w, https:\/\/www.onlineprinters.de\/magazin\/wp-content\/uploads\/2019\/10\/Bild_3-774x420.jpg 774w, https:\/\/www.onlineprinters.de\/magazin\/wp-content\/uploads\/2019\/10\/Bild_3.jpg 1280w\" sizes=\"auto, (max-width: 696px) 100vw, 696px\" \/><\/a><a name=\"formatierungsoptionen\"><\/a>In InDesign Tabellen erstellen und einfach formatieren<\/h2>\n<p>Um die Tabelle zu formatieren, machen Sie einen Doppelklick mit der linken Maustaste in eine Zelle und markieren den gesamten Tabellenbereich. Die obere Men\u00fcebene wechselt dann automatisch die Ansicht: Statt Textwerkzeugen wird die Tabellenformatierung eingeblendet. Hier k\u00f6nnen Sie alle inhaltlichen und gestalterischen Einstellungen f\u00fcr Ihre Tabelle vornehmen. <strong>Das geht jedoch nur unter einer Voraussetzung: Der Bereich, den Sie formatieren m\u00f6chten, muss markiert sein.<\/strong> Dies gilt f\u00fcr das komplette Tutorial, wird im weiteren Verlauf jedoch nicht noch einmal extra aufgef\u00fchrt.<\/p>\n<p><a href=\"https:\/\/www.onlineprinters.de\/magazin\/wp-content\/uploads\/2019\/10\/Bild_4.jpg\"><img loading=\"lazy\" decoding=\"async\" class=\"td-modal-image aligncenter wp-image-23506 size-large\" src=\"https:\/\/www.onlineprinters.de\/magazin\/wp-content\/uploads\/2019\/10\/Bild_4-1024x556.jpg\" alt=\"Tabelle formatieren\" width=\"696\" height=\"378\" srcset=\"https:\/\/www.onlineprinters.de\/magazin\/wp-content\/uploads\/2019\/10\/Bild_4-1024x556.jpg 1024w, https:\/\/www.onlineprinters.de\/magazin\/wp-content\/uploads\/2019\/10\/Bild_4-300x163.jpg 300w, https:\/\/www.onlineprinters.de\/magazin\/wp-content\/uploads\/2019\/10\/Bild_4-768x417.jpg 768w, https:\/\/www.onlineprinters.de\/magazin\/wp-content\/uploads\/2019\/10\/Bild_4-696x378.jpg 696w, https:\/\/www.onlineprinters.de\/magazin\/wp-content\/uploads\/2019\/10\/Bild_4-1068x580.jpg 1068w, https:\/\/www.onlineprinters.de\/magazin\/wp-content\/uploads\/2019\/10\/Bild_4-774x420.jpg 774w, https:\/\/www.onlineprinters.de\/magazin\/wp-content\/uploads\/2019\/10\/Bild_4.jpg 1280w\" sizes=\"auto, (max-width: 696px) 100vw, 696px\" \/><\/a><\/p>\n<div class=\"custom-background custom-background-donts\">\n<p><strong>Hinweis:<\/strong> Der Tabellenkopf und die Zellen f\u00fcr die Kalendertage lassen sich nur separat voneinander markieren. Das bedeutet, Sie k\u00f6nnen die Kopfzeile nur einzeln formatieren. Sollten Sie alle Spalten und Zeilen in einem Schritt gleich formatieren wollen, verzichten Sie bei den Einstellungen auf eine Kopfzeile.<\/p>\n<\/div>\n<h2>Voreinstellungen f\u00fcr das Tabellenformat<\/h2>\n<p>Zuerst m\u00f6chten wir die Voreinstellungen der Tabelle bearbeiten. Dabei soll der \u00e4u\u00dfere Rand der Tabelle sowie alle senkrechten Linien ausgeblendet werden. Die Linien der Tabelle k\u00f6nnen Sie im Tabellenfenster im oberen Einstellungsmen\u00fc anpassen. In diesem kleinen Rechteck k\u00f6nnen Sie mit einem Linksklick einzelne Seiten an- oder abw\u00e4hlen. Angew\u00e4hlte Seiten sind blau, abgew\u00e4hlte Seiten werden schwarz dargestellt. Sie k\u00f6nnen nur angew\u00e4hlte Linien bearbeiten (blau).<\/p>\n<p><a href=\"https:\/\/www.onlineprinters.de\/magazin\/wp-content\/uploads\/2019\/10\/Bild_5.jpg\"><img loading=\"lazy\" decoding=\"async\" class=\"td-modal-image aligncenter wp-image-23507 size-large\" src=\"https:\/\/www.onlineprinters.de\/magazin\/wp-content\/uploads\/2019\/10\/Bild_5-1024x556.jpg\" alt=\"Zellen formatieren\" width=\"696\" height=\"378\" srcset=\"https:\/\/www.onlineprinters.de\/magazin\/wp-content\/uploads\/2019\/10\/Bild_5-1024x556.jpg 1024w, https:\/\/www.onlineprinters.de\/magazin\/wp-content\/uploads\/2019\/10\/Bild_5-300x163.jpg 300w, https:\/\/www.onlineprinters.de\/magazin\/wp-content\/uploads\/2019\/10\/Bild_5-768x417.jpg 768w, https:\/\/www.onlineprinters.de\/magazin\/wp-content\/uploads\/2019\/10\/Bild_5-696x378.jpg 696w, https:\/\/www.onlineprinters.de\/magazin\/wp-content\/uploads\/2019\/10\/Bild_5-1068x580.jpg 1068w, https:\/\/www.onlineprinters.de\/magazin\/wp-content\/uploads\/2019\/10\/Bild_5-774x420.jpg 774w, https:\/\/www.onlineprinters.de\/magazin\/wp-content\/uploads\/2019\/10\/Bild_5.jpg 1280w\" sizes=\"auto, (max-width: 696px) 100vw, 696px\" \/><\/a>In unserer Beispieltabelle sollen nur die waagerechten Linien beibehalten werden, daher wird die mittlere Linie abgew\u00e4hlt (schwarz). Da die gesamte Kontur ausgeblendet werden soll, bleibt der Rand angew\u00e4hlt (blau). Setzen Sie die <span class=\"guideline\">Konturenst\u00e4rke<\/span> auf 0 Punkt (direkt links neben dem Formatierungsfenster). Markieren Sie jetzt den Tabellenkopf. W\u00e4hlen Sie alle Seiten an, au\u00dfer der unteren waagerechten Linie. Diese soll beibehalten werden. Setzten Sie dann erneut die Konturenst\u00e4rke f\u00fcr die Kopfzeile auf 0 Punkt.<\/p>\n<div class=\"custom-background custom-background-donts\">\n<p><strong>Wichtig:<\/strong> Wenn Sie in InDesign Tabellen erstellen, beachten Sie, dass Sie nur angew\u00e4hlte Linien (blau markiert) formatieren k\u00f6nnen.<\/p>\n<\/div>\n<h2>Gestalterische Formatierung<\/h2>\n<p>Im n\u00e4chsten Schritt formatieren wir die Tabelle so, dass sie an einen Kalender erinnert. Markieren Sie zun\u00e4chst die Zellen der Tabelle und klicken Sie in der oberen Seitenauswahl alle waagerechten Linien an. Passen Sie die Konturenst\u00e4rke von 1 Punkt auf 0,5 Punkt an. Dann k\u00f6nnen Sie eine <span class=\"guideline\">Konturenfarbe<\/span> definieren, die zuvor angelegt wurde. \u00d6ffnen Sie dazu die <span class=\"guideline\">Konturenfarbpalette<\/span>, w\u00e4hlen Sie die gew\u00fcnschte Konturenfarbe und setzen Sie den <span class=\"guideline\">Farbton<\/span> auf 30 %.<\/p>\n<p><a href=\"https:\/\/www.onlineprinters.de\/magazin\/wp-content\/uploads\/2019\/10\/Bild_6.jpg\"><img loading=\"lazy\" decoding=\"async\" class=\"td-modal-image aligncenter wp-image-23495 size-large\" src=\"https:\/\/www.onlineprinters.de\/magazin\/wp-content\/uploads\/2019\/10\/Bild_6-1024x556.jpg\" alt=\"Farben\" width=\"696\" height=\"378\" srcset=\"https:\/\/www.onlineprinters.de\/magazin\/wp-content\/uploads\/2019\/10\/Bild_6-1024x556.jpg 1024w, https:\/\/www.onlineprinters.de\/magazin\/wp-content\/uploads\/2019\/10\/Bild_6-300x163.jpg 300w, https:\/\/www.onlineprinters.de\/magazin\/wp-content\/uploads\/2019\/10\/Bild_6-768x417.jpg 768w, https:\/\/www.onlineprinters.de\/magazin\/wp-content\/uploads\/2019\/10\/Bild_6-696x378.jpg 696w, https:\/\/www.onlineprinters.de\/magazin\/wp-content\/uploads\/2019\/10\/Bild_6-1068x580.jpg 1068w, https:\/\/www.onlineprinters.de\/magazin\/wp-content\/uploads\/2019\/10\/Bild_6-774x420.jpg 774w, https:\/\/www.onlineprinters.de\/magazin\/wp-content\/uploads\/2019\/10\/Bild_6.jpg 1280w\" sizes=\"auto, (max-width: 696px) 100vw, 696px\" \/><\/a>Wiederholen Sie den Vorgang bei der unteren Linie, wenn Sie die Kopfzeile markieren. Der Tabellenkopf soll zudem einen leicht grauen Hintergrund erhalten. W\u00e4hlen Sie als <span class=\"guideline\">Fl\u00e4chenfarbe<\/span> den angelegten Grauton aus und stellen Sie den <span class=\"guideline\">Farbton<\/span> auf 5 % ein. Damit steht das grundlegende Tabellenformat f\u00fcr den Kalender und Sie k\u00f6nnen Ihre Inhalte einf\u00fcgen.<\/p>\n<h2><a href=\"https:\/\/www.onlineprinters.de\/magazin\/wp-content\/uploads\/2019\/10\/Bild_7.jpg\"><img loading=\"lazy\" decoding=\"async\" class=\"td-modal-image aligncenter wp-image-23496 size-large\" src=\"https:\/\/www.onlineprinters.de\/magazin\/wp-content\/uploads\/2019\/10\/Bild_7-1024x556.jpg\" alt=\"Screenshot der Benutzeroberfl\u00e4che einer Grafikdesign-Software, m\u00f6glicherweise Adobe InDesign, die ein leeres Dokument mit Layout-Hilfslinien anzeigt. Unten links wird ein kleiner Teil eines Bergbildes angezeigt. Um den Arbeitsbereich herum sind Werkzeuge und Bedienfelder sichtbar, darunter Optionen zum Erstellen von Tabellen.\" width=\"696\" height=\"378\" srcset=\"https:\/\/www.onlineprinters.de\/magazin\/wp-content\/uploads\/2019\/10\/Bild_7-1024x556.jpg 1024w, https:\/\/www.onlineprinters.de\/magazin\/wp-content\/uploads\/2019\/10\/Bild_7-300x163.jpg 300w, https:\/\/www.onlineprinters.de\/magazin\/wp-content\/uploads\/2019\/10\/Bild_7-768x417.jpg 768w, https:\/\/www.onlineprinters.de\/magazin\/wp-content\/uploads\/2019\/10\/Bild_7-696x378.jpg 696w, https:\/\/www.onlineprinters.de\/magazin\/wp-content\/uploads\/2019\/10\/Bild_7-1068x580.jpg 1068w, https:\/\/www.onlineprinters.de\/magazin\/wp-content\/uploads\/2019\/10\/Bild_7-774x420.jpg 774w, https:\/\/www.onlineprinters.de\/magazin\/wp-content\/uploads\/2019\/10\/Bild_7.jpg 1280w\" sizes=\"auto, (max-width: 696px) 100vw, 696px\" \/><\/a>Indesign-Tabellen: Inhalt der Kopfzeile formatieren<\/h2>\n<p>In der Kopfzeile sollen nun die Abk\u00fcrzungen f\u00fcr die Wochentage \u2013 von Montag (Mo) bis Sonntag (So) \u2013 eingef\u00fcgt werden. Machen Sie einen Doppelklick in die erste Zelle der Kopfzeile und tragen Sie \u201eMo\u201c ein. Mit der Tabulator-Taste springen Sie in die n\u00e4chste Spalte und k\u00f6nnen so schnell die Inhalte eingeben.<\/p>\n<p><a href=\"https:\/\/www.onlineprinters.de\/magazin\/wp-content\/uploads\/2019\/10\/Bild_8.jpg\"><img loading=\"lazy\" decoding=\"async\" class=\"td-modal-image aligncenter wp-image-23497 size-large\" src=\"https:\/\/www.onlineprinters.de\/magazin\/wp-content\/uploads\/2019\/10\/Bild_8-1024x556.jpg\" alt=\"Wochentage einf\u00fcgen\" width=\"696\" height=\"378\" srcset=\"https:\/\/www.onlineprinters.de\/magazin\/wp-content\/uploads\/2019\/10\/Bild_8-1024x556.jpg 1024w, https:\/\/www.onlineprinters.de\/magazin\/wp-content\/uploads\/2019\/10\/Bild_8-300x163.jpg 300w, https:\/\/www.onlineprinters.de\/magazin\/wp-content\/uploads\/2019\/10\/Bild_8-768x417.jpg 768w, https:\/\/www.onlineprinters.de\/magazin\/wp-content\/uploads\/2019\/10\/Bild_8-696x378.jpg 696w, https:\/\/www.onlineprinters.de\/magazin\/wp-content\/uploads\/2019\/10\/Bild_8-1068x580.jpg 1068w, https:\/\/www.onlineprinters.de\/magazin\/wp-content\/uploads\/2019\/10\/Bild_8-774x420.jpg 774w, https:\/\/www.onlineprinters.de\/magazin\/wp-content\/uploads\/2019\/10\/Bild_8.jpg 1280w\" sizes=\"auto, (max-width: 696px) 100vw, 696px\" \/><\/a>Markieren Sie alle Spalten der Kopfzeile, um den Text zu formatieren. Im Beispiel verwenden wir f\u00fcr die Wochentage die Schriftart \u201eBebas Neue\u201c, Schriftschnitt \u201eBold\u201c in der Schriftgr\u00f6\u00dfe 12 Punkt. Zentrieren Sie dann den Text vertikal wie horizontal. Um die Textfarbe zu \u00e4ndern, \u00f6ffnen Sie die <span class=\"guideline\">Farbpalette<\/span> und klicken Sie auf den <span class=\"guideline\">Text-Button<\/span>, der durch ein gro\u00dfes <span class=\"guideline\">T<\/span> dargestellt wird. Sie k\u00f6nnen die Textfarbe nur anpassen, wenn dieser Button ausgew\u00e4hlt ist. Wir haben im Vorfeld einen hellen Blauton angelegt, den wir jetzt in der Farbpalette f\u00fcr die Wochentage ausw\u00e4hlen.<\/p>\n<h2><a href=\"https:\/\/www.onlineprinters.de\/magazin\/wp-content\/uploads\/2019\/10\/Bild_9.jpg\"><img loading=\"lazy\" decoding=\"async\" class=\"td-modal-image aligncenter wp-image-23498 size-large\" src=\"https:\/\/www.onlineprinters.de\/magazin\/wp-content\/uploads\/2019\/10\/Bild_9-1024x556.jpg\" alt=\"Kopfzeile Wochentage formatieren\" width=\"696\" height=\"378\" srcset=\"https:\/\/www.onlineprinters.de\/magazin\/wp-content\/uploads\/2019\/10\/Bild_9-1024x556.jpg 1024w, https:\/\/www.onlineprinters.de\/magazin\/wp-content\/uploads\/2019\/10\/Bild_9-300x163.jpg 300w, https:\/\/www.onlineprinters.de\/magazin\/wp-content\/uploads\/2019\/10\/Bild_9-768x417.jpg 768w, https:\/\/www.onlineprinters.de\/magazin\/wp-content\/uploads\/2019\/10\/Bild_9-696x378.jpg 696w, https:\/\/www.onlineprinters.de\/magazin\/wp-content\/uploads\/2019\/10\/Bild_9-1068x580.jpg 1068w, https:\/\/www.onlineprinters.de\/magazin\/wp-content\/uploads\/2019\/10\/Bild_9-774x420.jpg 774w, https:\/\/www.onlineprinters.de\/magazin\/wp-content\/uploads\/2019\/10\/Bild_9.jpg 1280w\" sizes=\"auto, (max-width: 696px) 100vw, 696px\" \/><\/a><a name=\"absatzformate\"><\/a>Absatzformate als Arbeitserleichterung<\/h2>\n<p>Sie m\u00f6chten genau diese Formatierung wiederverwenden? Dann speichern Sie sich die Einstellungen als Formatvorgabe in einem neuen Absatzformat ab. Markieren Sie dazu die gesamte Kopfzeile, \u00f6ffnen Sie das Absatzformat-Bedienfeld, welches Sie in der rechten Men\u00fcleiste finden, und klicken Sie auf Neues Absatzformat. Die Formatierung wird dann als \u201eAbsatzformat 1\u201c angelegt. Mit einem Doppelklick k\u00f6nnen Sie den Namen des Formats \u00e4ndern. Wir benennen das Absatzformat in unserem Beispiel in \u201eWochentage\u201c.<\/p>\n<h2><a href=\"https:\/\/www.onlineprinters.de\/magazin\/wp-content\/uploads\/2019\/10\/Bild_10.jpg\"><img loading=\"lazy\" decoding=\"async\" class=\"td-modal-image aligncenter wp-image-23499 size-large\" src=\"https:\/\/www.onlineprinters.de\/magazin\/wp-content\/uploads\/2019\/10\/Bild_10-1024x556.jpg\" alt=\"Screenshot einer Softwareschnittstelle, die ein Textfeld mit der Bezeichnung \u201eFormatname\u201c zeigt, das mit \u201eWochentag\u201c gef\u00fcllt ist. Der Bildschirm zeigt Optionen f\u00fcr \u201eAllgemein\u201c mit Dropdown-Men\u00fcs, \u00e4hnlich wie bei InDesign-Tabellen erstellen, und eine Seitenleiste mit der Bezeichnung \u201eAbsatzformate\u201c mit einer hervorgehobenen Option.\" width=\"696\" height=\"378\" srcset=\"https:\/\/www.onlineprinters.de\/magazin\/wp-content\/uploads\/2019\/10\/Bild_10-1024x556.jpg 1024w, https:\/\/www.onlineprinters.de\/magazin\/wp-content\/uploads\/2019\/10\/Bild_10-300x163.jpg 300w, https:\/\/www.onlineprinters.de\/magazin\/wp-content\/uploads\/2019\/10\/Bild_10-768x417.jpg 768w, https:\/\/www.onlineprinters.de\/magazin\/wp-content\/uploads\/2019\/10\/Bild_10-696x378.jpg 696w, https:\/\/www.onlineprinters.de\/magazin\/wp-content\/uploads\/2019\/10\/Bild_10-1068x580.jpg 1068w, https:\/\/www.onlineprinters.de\/magazin\/wp-content\/uploads\/2019\/10\/Bild_10-774x420.jpg 774w, https:\/\/www.onlineprinters.de\/magazin\/wp-content\/uploads\/2019\/10\/Bild_10.jpg 1280w\" sizes=\"auto, (max-width: 696px) 100vw, 696px\" \/><\/a><a name=\"inhalte\"><\/a>Kalendertage einf\u00fcgen und formatieren<\/h2>\n<p>Jetzt fehlen nur noch die Zahlen. Um die richtigen Daten in Ihren Kalender einzuf\u00fcgen, gibt es verschiedene Optionen. Laden Sie sich beispielsweise das InDesign-Skript \u201eCalendar Wizard\u201c herunter. Damit k\u00f6nnen Sie Kalenderdaten automatisch generieren lassen. Diese Datens\u00e4tze m\u00fcssen Sie nur noch per Copy-and-paste in Ihren formatierten Kalender \u00fcbertragen.<\/p>\n<p>Alternativ k\u00f6nnen Sie die Ihren Kalender h\u00e4ndisch mit den Zahlen f\u00fcllen oder die Daten aus einem Online-Kalender kopieren. Um die Daten dann in ihren Kalender einzuf\u00fcgen, markieren Sie alle Kalendertage und dr\u00fccken Sie die Tastenkombination <span class=\"guideline\">Strg + V<\/span>. \u00dcberpr\u00fcfen Sie dann noch einmal, ob die Kalendertage zum jeweiligen Wochentag passen. Schlie\u00dflich f\u00e4ngt nicht jeder Monat mit einem Montag an.<\/p>\n<p><a href=\"https:\/\/www.onlineprinters.de\/magazin\/wp-content\/uploads\/2019\/10\/Bild_11.jpg\"><img loading=\"lazy\" decoding=\"async\" class=\"td-modal-image aligncenter wp-image-23500 size-large\" src=\"https:\/\/www.onlineprinters.de\/magazin\/wp-content\/uploads\/2019\/10\/Bild_11-1024x556.jpg\" alt=\"Daten einf\u00fcgen\" width=\"696\" height=\"378\" srcset=\"https:\/\/www.onlineprinters.de\/magazin\/wp-content\/uploads\/2019\/10\/Bild_11-1024x556.jpg 1024w, https:\/\/www.onlineprinters.de\/magazin\/wp-content\/uploads\/2019\/10\/Bild_11-300x163.jpg 300w, https:\/\/www.onlineprinters.de\/magazin\/wp-content\/uploads\/2019\/10\/Bild_11-768x417.jpg 768w, https:\/\/www.onlineprinters.de\/magazin\/wp-content\/uploads\/2019\/10\/Bild_11-696x378.jpg 696w, https:\/\/www.onlineprinters.de\/magazin\/wp-content\/uploads\/2019\/10\/Bild_11-1068x580.jpg 1068w, https:\/\/www.onlineprinters.de\/magazin\/wp-content\/uploads\/2019\/10\/Bild_11-774x420.jpg 774w, https:\/\/www.onlineprinters.de\/magazin\/wp-content\/uploads\/2019\/10\/Bild_11.jpg 1280w\" sizes=\"auto, (max-width: 696px) 100vw, 696px\" \/><\/a>Im n\u00e4chsten Schritt sollen die Kalendertage formatiert werden. W\u00e4hlen Sie dazu die Schriftart \u201eBebas Neue\u201c im Schriftschnitt \u201eBook\u201c und der Schriftgr\u00f6\u00dfe 12 Punkt aus. Wie bereits bei den Texten in der Kopfzeile, m\u00f6chten wir auch die Zahlen vertikal wie horizontal zentriert in den Zellen ausrichten. Als Textfarbe kommt wieder \u201eGrau\u201c zum Einsatz. <strong>Achten Sie beim Einf\u00e4rben des Textes darauf, dass Sie in der Farbpalette der <span class=\"guideline\">T-Button<\/span> zur Bearbeitung des Textes ausgew\u00e4hlt ist.<\/strong> Speichern Sie abschlie\u00dfend die Formatierung wieder als neues Absatzformat ab \u2013 idealerweise mit einem eindeutigen Namen wie etwa \u201eKalendertage\u201c. Nun sollen die Wochenenden noch hervorgehoben werden. Markieren Sie dazu die entsprechenden Spalten in der Tabelle und vergeben Sie die Farbe \u201eHellblau\u201c.<\/p>\n<h2><a name=\"tabellenformatieren\"><\/a>InDesign-Tabellen final formatieren<\/h2>\n<p>Im letzten Schritt m\u00f6chten wir die Tabellenh\u00f6he sauber formatieren. Markieren Sie dazu zun\u00e4chst die Kopfzeile und definieren Sie im oberen <span class=\"guideline\">Formatierungsmen\u00fc<\/span> auf der rechten Seite die <span class=\"guideline\">Zellenh\u00f6he<\/span>. F\u00fcr unseren Kalender verwenden wir einen Wert von 12 mm ein. W\u00e4hlen Sie die restlichen Zellen mit den Zahlen an und definieren Sie eine Zellenh\u00f6he von 16 mm. Sie k\u00f6nnen die formatierte Tabelle nun auf den anderen Kalenderseiten und den restlichen elf Monaten anwenden. Final m\u00fcssen Sie nur noch die richtigen Daten aus dem InDesign-Skript oder dem Internet \u00fcbernehmen. Fertig ist das Ger\u00fcst f\u00fcr Ihren Tischkalender!<\/p>\n<div class=\"custom-background custom-background-dos\">\n<p><strong>Schon gewusst?<\/strong> Die vier Werte, die rechts neben der Zeilenh\u00f6he angezeigt werden, definieren den Textabstand zum Tabellenrand. Dies kann n\u00fctzlich sein, wenn Sie Texte nicht mittig ausrichten m\u00f6chten. Die Icons neben den Werten zeigen an, in welche Richtung sich eine Wert\u00e4nderung auswirkt.<\/p>\n<\/div>\n<h2><a name=\"individuellerfeinschliff\"><\/a>Feinschliff: Druckvorlagen individuell gestalten<\/h2>\n<p>Wenn Sie unsere <a href=\"#vorlagen\">kostenlosen Druckvorlagen<\/a> verwenden, k\u00f6nnen Sie einfach die von uns verwendeten Bilder austauschen. Wie Sie schnell und einfach Bilder in Indesign einf\u00fcgen, verwalten und \u00fcberpr\u00fcfen k\u00f6nnen, erfahren Sie in unserem Basics-Tutorial <a href=\"https:\/\/www.onlineprinters.de\/magazin\/indesign-bilder-einfuegen\/\">Layouten mit InDesign: Bilder einf\u00fcgen \u2013 Basics Tutorial<\/a>.<\/p>\n<figure id=\"attachment_34533\" aria-describedby=\"caption-attachment-34533\" style=\"width: 696px\" class=\"wp-caption aligncenter\"><a href=\"https:\/\/www.onlineprinters.de\/magazin\/wp-content\/uploads\/2021\/08\/InDesign_Tabellen_Mockup_neutral-scaled.jpg\"><img loading=\"lazy\" decoding=\"async\" class=\"td-modal-image wp-image-34533 size-large\" src=\"https:\/\/www.onlineprinters.de\/magazin\/wp-content\/uploads\/2021\/08\/InDesign_Tabellen_Mockup_neutral-1024x802.jpg\" alt=\"Ein Tischkalender mit Spiralbindung und zw\u00f6lf atemberaubenden Fotos von Landschaften und Stadtansichten. Dieser mit InDesign erstellte Kalender hat eine blaue Mitte mit der Aufschrift \u201eJahr\u201c und liegt elegant auf einer Holzoberfl\u00e4che neben Stift und Notizblock.\" width=\"696\" height=\"545\" srcset=\"https:\/\/www.onlineprinters.de\/magazin\/wp-content\/uploads\/2021\/08\/InDesign_Tabellen_Mockup_neutral-1024x802.jpg 1024w, https:\/\/www.onlineprinters.de\/magazin\/wp-content\/uploads\/2021\/08\/InDesign_Tabellen_Mockup_neutral-300x235.jpg 300w, https:\/\/www.onlineprinters.de\/magazin\/wp-content\/uploads\/2021\/08\/InDesign_Tabellen_Mockup_neutral-768x602.jpg 768w, https:\/\/www.onlineprinters.de\/magazin\/wp-content\/uploads\/2021\/08\/InDesign_Tabellen_Mockup_neutral-1536x1204.jpg 1536w, https:\/\/www.onlineprinters.de\/magazin\/wp-content\/uploads\/2021\/08\/InDesign_Tabellen_Mockup_neutral-2048x1605.jpg 2048w, https:\/\/www.onlineprinters.de\/magazin\/wp-content\/uploads\/2021\/08\/InDesign_Tabellen_Mockup_neutral-696x545.jpg 696w, https:\/\/www.onlineprinters.de\/magazin\/wp-content\/uploads\/2021\/08\/InDesign_Tabellen_Mockup_neutral-1068x837.jpg 1068w, https:\/\/www.onlineprinters.de\/magazin\/wp-content\/uploads\/2021\/08\/InDesign_Tabellen_Mockup_neutral-536x420.jpg 536w, https:\/\/www.onlineprinters.de\/magazin\/wp-content\/uploads\/2021\/08\/InDesign_Tabellen_Mockup_neutral-scaled.jpg 1920w\" sizes=\"auto, (max-width: 696px) 100vw, 696px\" \/><\/a><figcaption id=\"caption-attachment-34533\" class=\"wp-caption-text\">Bildquelle Mock-up: Jacob_09 via Shutterstock; Kalenderbilder von Pexels<\/figcaption><\/figure>\n<p>Wenn Sie Farben und Schriften unserer Vorlagen \u00e4ndern m\u00f6chten und etwa an Ihr Corporate Design anlehnen m\u00f6chten, definieren Sie einfach ein neues Absatzformat und wenden Sie es auf die entsprechenden Texte und Zahlen an. Wenn Sie die Kalender als Werbegeschenke f\u00fcr Ihre Kunden verwenden m\u00f6chten, vergessen Sie nicht Ihr Logo einzuf\u00fcgen.<\/p>\n<div class=\"custom-background-grey\">\n<p><strong>Credits:<\/strong><\/p>\n<p>Es gestaltet und spricht der Mediengestalter Christoph Ullrich.<\/p>\n<\/div>\n<p><em>Dieser Artikel wurde erstmals am 05.11.2019 ver\u00f6ffentlicht und am 06.10.2022 sowie am 22.09.2023 aktualisiert.<\/em><\/p>\n","protected":false},"excerpt":{"rendered":"<p>Wir zeigen Ihnen anhand eines Tischkalenders, wie Sie mit InDesign Tabellen erstellen k\u00f6nnen. Druckvorlagen f\u00fcr DIN-A5-Tischkalender gibt es kostenlos dazu.<\/p>\n","protected":false},"author":46,"featured_media":40522,"comment_status":"open","ping_status":"open","sticky":false,"template":"","format":"standard","meta":{"footnotes":""},"categories":[46,165,5,6],"tags":[],"class_list":["post-23494","post","type-post","status-publish","format-standard","has-post-thumbnail","hentry","category-top-artikel","category-creative-cloud-indesign-tipps","category-design","category-design-creative-cloud","post_overlay_tag-basics-tutorial"],"yoast_head":"<!-- This site is optimized with the Yoast SEO plugin v27.5 - https:\/\/yoast.com\/product\/yoast-seo-wordpress\/ -->\n<title>Tabellen erstellen &amp; einf\u00fcgen in InDesign - z.B. f\u00fcr Kalender 202 3<\/title>\n<meta name=\"description\" content=\"Wir zeigen im Tutorial wie Sie Tabellen in InDesign erstellen &amp; einf\u00fcgen - ideal geeignet f\u00fcr Kalenderdesign 2023! Alle Tricks erfahren!\" \/>\n<meta name=\"robots\" content=\"index, follow, max-snippet:-1, max-image-preview:large, max-video-preview:-1\" \/>\n<link rel=\"canonical\" href=\"https:\/\/www.onlineprinters.de\/magazin\/indesign-tabellen-erstellen\/\" \/>\n<meta property=\"og:locale\" content=\"de_DE\" \/>\n<meta property=\"og:type\" content=\"article\" \/>\n<meta property=\"og:title\" content=\"Tabellen erstellen &amp; einf\u00fcgen in InDesign - z.B. f\u00fcr Kalender 202 3\" \/>\n<meta property=\"og:description\" content=\"Wir zeigen im Tutorial wie Sie Tabellen in InDesign erstellen &amp; einf\u00fcgen - ideal geeignet f\u00fcr Kalenderdesign 2023! Alle Tricks erfahren!\" \/>\n<meta property=\"og:url\" content=\"https:\/\/www.onlineprinters.de\/magazin\/indesign-tabellen-erstellen\/\" \/>\n<meta property=\"og:site_name\" content=\"Onlineprinters Magazin\" \/>\n<meta property=\"article:published_time\" content=\"2023-09-22T08:05:18+00:00\" \/>\n<meta property=\"article:modified_time\" content=\"2025-04-28T13:05:46+00:00\" \/>\n<meta property=\"og:image\" content=\"https:\/\/www.onlineprinters.de\/magazin\/wp-content\/uploads\/2023\/09\/Beitragsbild_Tabelle_Indesign_2024.jpg\" \/>\n\t<meta property=\"og:image:width\" content=\"1280\" \/>\n\t<meta property=\"og:image:height\" content=\"695\" \/>\n\t<meta property=\"og:image:type\" content=\"image\/jpeg\" \/>\n<meta name=\"author\" content=\"Christoph\" \/>\n<meta name=\"twitter:card\" content=\"summary_large_image\" \/>\n<script type=\"application\/ld+json\" class=\"yoast-schema-graph\">{\"@context\":\"https:\\\/\\\/schema.org\",\"@graph\":[{\"@type\":\"Article\",\"@id\":\"https:\\\/\\\/www.onlineprinters.de\\\/magazin\\\/indesign-tabellen-erstellen\\\/#article\",\"isPartOf\":{\"@id\":\"https:\\\/\\\/www.onlineprinters.de\\\/magazin\\\/indesign-tabellen-erstellen\\\/\"},\"author\":{\"name\":\"Christoph\",\"@id\":\"https:\\\/\\\/www.onlineprinters.de\\\/magazin\\\/#\\\/schema\\\/person\\\/8854bebf17d2d7bbae28395335c1bf9b\"},\"headline\":\"InDesign-Tabellen erstellen \u2013 mit Tischkalendervorlagen\",\"datePublished\":\"2023-09-22T08:05:18+00:00\",\"dateModified\":\"2025-04-28T13:05:46+00:00\",\"mainEntityOfPage\":{\"@id\":\"https:\\\/\\\/www.onlineprinters.de\\\/magazin\\\/indesign-tabellen-erstellen\\\/\"},\"wordCount\":1678,\"commentCount\":1,\"image\":{\"@id\":\"https:\\\/\\\/www.onlineprinters.de\\\/magazin\\\/indesign-tabellen-erstellen\\\/#primaryimage\"},\"thumbnailUrl\":\"https:\\\/\\\/www.onlineprinters.de\\\/magazin\\\/wp-content\\\/uploads\\\/2023\\\/09\\\/Beitragsbild_Tabelle_Indesign_2024.jpg\",\"articleSection\":[\"1_Design-Top-Artikel\",\"Creative Cloud InDesign\",\"Design\",\"Design Creative Cloud\"],\"inLanguage\":\"de\",\"potentialAction\":[{\"@type\":\"CommentAction\",\"name\":\"Comment\",\"target\":[\"https:\\\/\\\/www.onlineprinters.de\\\/magazin\\\/indesign-tabellen-erstellen\\\/#respond\"]}]},{\"@type\":\"WebPage\",\"@id\":\"https:\\\/\\\/www.onlineprinters.de\\\/magazin\\\/indesign-tabellen-erstellen\\\/\",\"url\":\"https:\\\/\\\/www.onlineprinters.de\\\/magazin\\\/indesign-tabellen-erstellen\\\/\",\"name\":\"Tabellen erstellen & einf\u00fcgen in InDesign - z.B. f\u00fcr Kalender 202 3\",\"isPartOf\":{\"@id\":\"https:\\\/\\\/www.onlineprinters.de\\\/magazin\\\/#website\"},\"primaryImageOfPage\":{\"@id\":\"https:\\\/\\\/www.onlineprinters.de\\\/magazin\\\/indesign-tabellen-erstellen\\\/#primaryimage\"},\"image\":{\"@id\":\"https:\\\/\\\/www.onlineprinters.de\\\/magazin\\\/indesign-tabellen-erstellen\\\/#primaryimage\"},\"thumbnailUrl\":\"https:\\\/\\\/www.onlineprinters.de\\\/magazin\\\/wp-content\\\/uploads\\\/2023\\\/09\\\/Beitragsbild_Tabelle_Indesign_2024.jpg\",\"datePublished\":\"2023-09-22T08:05:18+00:00\",\"dateModified\":\"2025-04-28T13:05:46+00:00\",\"author\":{\"@id\":\"https:\\\/\\\/www.onlineprinters.de\\\/magazin\\\/#\\\/schema\\\/person\\\/8854bebf17d2d7bbae28395335c1bf9b\"},\"description\":\"Wir zeigen im Tutorial wie Sie Tabellen in InDesign erstellen & einf\u00fcgen - ideal geeignet f\u00fcr Kalenderdesign 2023! Alle Tricks erfahren!\",\"inLanguage\":\"de\",\"potentialAction\":[{\"@type\":\"ReadAction\",\"target\":[\"https:\\\/\\\/www.onlineprinters.de\\\/magazin\\\/indesign-tabellen-erstellen\\\/\"]}]},{\"@type\":\"ImageObject\",\"inLanguage\":\"de\",\"@id\":\"https:\\\/\\\/www.onlineprinters.de\\\/magazin\\\/indesign-tabellen-erstellen\\\/#primaryimage\",\"url\":\"https:\\\/\\\/www.onlineprinters.de\\\/magazin\\\/wp-content\\\/uploads\\\/2023\\\/09\\\/Beitragsbild_Tabelle_Indesign_2024.jpg\",\"contentUrl\":\"https:\\\/\\\/www.onlineprinters.de\\\/magazin\\\/wp-content\\\/uploads\\\/2023\\\/09\\\/Beitragsbild_Tabelle_Indesign_2024.jpg\",\"width\":1280,\"height\":695,\"caption\":\"Beitragsbild_Tabelle_Indesign_2024\"},{\"@type\":\"WebSite\",\"@id\":\"https:\\\/\\\/www.onlineprinters.de\\\/magazin\\\/#website\",\"url\":\"https:\\\/\\\/www.onlineprinters.de\\\/magazin\\\/\",\"name\":\"Onlineprinters Magazin\",\"description\":\"\",\"potentialAction\":[{\"@type\":\"SearchAction\",\"target\":{\"@type\":\"EntryPoint\",\"urlTemplate\":\"https:\\\/\\\/www.onlineprinters.de\\\/magazin\\\/?s={search_term_string}\"},\"query-input\":{\"@type\":\"PropertyValueSpecification\",\"valueRequired\":true,\"valueName\":\"search_term_string\"}}],\"inLanguage\":\"de\"},{\"@type\":\"Person\",\"@id\":\"https:\\\/\\\/www.onlineprinters.de\\\/magazin\\\/#\\\/schema\\\/person\\\/8854bebf17d2d7bbae28395335c1bf9b\",\"name\":\"Christoph\",\"image\":{\"@type\":\"ImageObject\",\"inLanguage\":\"de\",\"@id\":\"https:\\\/\\\/www.onlineprinters.de\\\/magazin\\\/wp-content\\\/uploads\\\/2018\\\/12\\\/Foto_Christoph_Ullrich-150x150.jpg\",\"url\":\"https:\\\/\\\/www.onlineprinters.de\\\/magazin\\\/wp-content\\\/uploads\\\/2018\\\/12\\\/Foto_Christoph_Ullrich-150x150.jpg\",\"contentUrl\":\"https:\\\/\\\/www.onlineprinters.de\\\/magazin\\\/wp-content\\\/uploads\\\/2018\\\/12\\\/Foto_Christoph_Ullrich-150x150.jpg\",\"caption\":\"Christoph\"},\"url\":\"https:\\\/\\\/www.onlineprinters.de\\\/magazin\\\/author\\\/christoph\\\/\"}]}<\/script>\n<!-- \/ Yoast SEO plugin. -->","yoast_head_json":{"title":"Tabellen erstellen & einf\u00fcgen in InDesign - z.B. f\u00fcr Kalender 202 3","description":"Wir zeigen im Tutorial wie Sie Tabellen in InDesign erstellen & einf\u00fcgen - ideal geeignet f\u00fcr Kalenderdesign 2023! Alle Tricks erfahren!","robots":{"index":"index","follow":"follow","max-snippet":"max-snippet:-1","max-image-preview":"max-image-preview:large","max-video-preview":"max-video-preview:-1"},"canonical":"https:\/\/www.onlineprinters.de\/magazin\/indesign-tabellen-erstellen\/","og_locale":"de_DE","og_type":"article","og_title":"Tabellen erstellen & einf\u00fcgen in InDesign - z.B. f\u00fcr Kalender 202 3","og_description":"Wir zeigen im Tutorial wie Sie Tabellen in InDesign erstellen & einf\u00fcgen - ideal geeignet f\u00fcr Kalenderdesign 2023! Alle Tricks erfahren!","og_url":"https:\/\/www.onlineprinters.de\/magazin\/indesign-tabellen-erstellen\/","og_site_name":"Onlineprinters Magazin","article_published_time":"2023-09-22T08:05:18+00:00","article_modified_time":"2025-04-28T13:05:46+00:00","og_image":[{"width":1280,"height":695,"url":"https:\/\/www.onlineprinters.de\/magazin\/wp-content\/uploads\/2023\/09\/Beitragsbild_Tabelle_Indesign_2024.jpg","type":"image\/jpeg"}],"author":"Christoph","twitter_card":"summary_large_image","schema":{"@context":"https:\/\/schema.org","@graph":[{"@type":"Article","@id":"https:\/\/www.onlineprinters.de\/magazin\/indesign-tabellen-erstellen\/#article","isPartOf":{"@id":"https:\/\/www.onlineprinters.de\/magazin\/indesign-tabellen-erstellen\/"},"author":{"name":"Christoph","@id":"https:\/\/www.onlineprinters.de\/magazin\/#\/schema\/person\/8854bebf17d2d7bbae28395335c1bf9b"},"headline":"InDesign-Tabellen erstellen \u2013 mit Tischkalendervorlagen","datePublished":"2023-09-22T08:05:18+00:00","dateModified":"2025-04-28T13:05:46+00:00","mainEntityOfPage":{"@id":"https:\/\/www.onlineprinters.de\/magazin\/indesign-tabellen-erstellen\/"},"wordCount":1678,"commentCount":1,"image":{"@id":"https:\/\/www.onlineprinters.de\/magazin\/indesign-tabellen-erstellen\/#primaryimage"},"thumbnailUrl":"https:\/\/www.onlineprinters.de\/magazin\/wp-content\/uploads\/2023\/09\/Beitragsbild_Tabelle_Indesign_2024.jpg","articleSection":["1_Design-Top-Artikel","Creative Cloud InDesign","Design","Design Creative Cloud"],"inLanguage":"de","potentialAction":[{"@type":"CommentAction","name":"Comment","target":["https:\/\/www.onlineprinters.de\/magazin\/indesign-tabellen-erstellen\/#respond"]}]},{"@type":"WebPage","@id":"https:\/\/www.onlineprinters.de\/magazin\/indesign-tabellen-erstellen\/","url":"https:\/\/www.onlineprinters.de\/magazin\/indesign-tabellen-erstellen\/","name":"Tabellen erstellen & einf\u00fcgen in InDesign - z.B. f\u00fcr Kalender 202 3","isPartOf":{"@id":"https:\/\/www.onlineprinters.de\/magazin\/#website"},"primaryImageOfPage":{"@id":"https:\/\/www.onlineprinters.de\/magazin\/indesign-tabellen-erstellen\/#primaryimage"},"image":{"@id":"https:\/\/www.onlineprinters.de\/magazin\/indesign-tabellen-erstellen\/#primaryimage"},"thumbnailUrl":"https:\/\/www.onlineprinters.de\/magazin\/wp-content\/uploads\/2023\/09\/Beitragsbild_Tabelle_Indesign_2024.jpg","datePublished":"2023-09-22T08:05:18+00:00","dateModified":"2025-04-28T13:05:46+00:00","author":{"@id":"https:\/\/www.onlineprinters.de\/magazin\/#\/schema\/person\/8854bebf17d2d7bbae28395335c1bf9b"},"description":"Wir zeigen im Tutorial wie Sie Tabellen in InDesign erstellen & einf\u00fcgen - ideal geeignet f\u00fcr Kalenderdesign 2023! Alle Tricks erfahren!","inLanguage":"de","potentialAction":[{"@type":"ReadAction","target":["https:\/\/www.onlineprinters.de\/magazin\/indesign-tabellen-erstellen\/"]}]},{"@type":"ImageObject","inLanguage":"de","@id":"https:\/\/www.onlineprinters.de\/magazin\/indesign-tabellen-erstellen\/#primaryimage","url":"https:\/\/www.onlineprinters.de\/magazin\/wp-content\/uploads\/2023\/09\/Beitragsbild_Tabelle_Indesign_2024.jpg","contentUrl":"https:\/\/www.onlineprinters.de\/magazin\/wp-content\/uploads\/2023\/09\/Beitragsbild_Tabelle_Indesign_2024.jpg","width":1280,"height":695,"caption":"Beitragsbild_Tabelle_Indesign_2024"},{"@type":"WebSite","@id":"https:\/\/www.onlineprinters.de\/magazin\/#website","url":"https:\/\/www.onlineprinters.de\/magazin\/","name":"Onlineprinters Magazin","description":"","potentialAction":[{"@type":"SearchAction","target":{"@type":"EntryPoint","urlTemplate":"https:\/\/www.onlineprinters.de\/magazin\/?s={search_term_string}"},"query-input":{"@type":"PropertyValueSpecification","valueRequired":true,"valueName":"search_term_string"}}],"inLanguage":"de"},{"@type":"Person","@id":"https:\/\/www.onlineprinters.de\/magazin\/#\/schema\/person\/8854bebf17d2d7bbae28395335c1bf9b","name":"Christoph","image":{"@type":"ImageObject","inLanguage":"de","@id":"https:\/\/www.onlineprinters.de\/magazin\/wp-content\/uploads\/2018\/12\/Foto_Christoph_Ullrich-150x150.jpg","url":"https:\/\/www.onlineprinters.de\/magazin\/wp-content\/uploads\/2018\/12\/Foto_Christoph_Ullrich-150x150.jpg","contentUrl":"https:\/\/www.onlineprinters.de\/magazin\/wp-content\/uploads\/2018\/12\/Foto_Christoph_Ullrich-150x150.jpg","caption":"Christoph"},"url":"https:\/\/www.onlineprinters.de\/magazin\/author\/christoph\/"}]}},"_links":{"self":[{"href":"https:\/\/www.onlineprinters.de\/magazin\/wp-json\/wp\/v2\/posts\/23494","targetHints":{"allow":["GET"]}}],"collection":[{"href":"https:\/\/www.onlineprinters.de\/magazin\/wp-json\/wp\/v2\/posts"}],"about":[{"href":"https:\/\/www.onlineprinters.de\/magazin\/wp-json\/wp\/v2\/types\/post"}],"author":[{"embeddable":true,"href":"https:\/\/www.onlineprinters.de\/magazin\/wp-json\/wp\/v2\/users\/46"}],"replies":[{"embeddable":true,"href":"https:\/\/www.onlineprinters.de\/magazin\/wp-json\/wp\/v2\/comments?post=23494"}],"version-history":[{"count":20,"href":"https:\/\/www.onlineprinters.de\/magazin\/wp-json\/wp\/v2\/posts\/23494\/revisions"}],"predecessor-version":[{"id":42024,"href":"https:\/\/www.onlineprinters.de\/magazin\/wp-json\/wp\/v2\/posts\/23494\/revisions\/42024"}],"wp:featuredmedia":[{"embeddable":true,"href":"https:\/\/www.onlineprinters.de\/magazin\/wp-json\/wp\/v2\/media\/40522"}],"wp:attachment":[{"href":"https:\/\/www.onlineprinters.de\/magazin\/wp-json\/wp\/v2\/media?parent=23494"}],"wp:term":[{"taxonomy":"category","embeddable":true,"href":"https:\/\/www.onlineprinters.de\/magazin\/wp-json\/wp\/v2\/categories?post=23494"},{"taxonomy":"post_tag","embeddable":true,"href":"https:\/\/www.onlineprinters.de\/magazin\/wp-json\/wp\/v2\/tags?post=23494"}],"curies":[{"name":"wp","href":"https:\/\/api.w.org\/{rel}","templated":true}]}}