{"id":791,"date":"2023-05-15T10:30:26","date_gmt":"2023-05-15T08:30:26","guid":{"rendered":"https:\/\/diedruckerei.de\/magazin\/?p=791"},"modified":"2025-04-28T15:06:42","modified_gmt":"2025-04-28T13:06:42","slug":"farbprofil-installieren-indesign-photoshop","status":"publish","type":"post","link":"https:\/\/www.onlineprinters.de\/magazin\/farbprofil-installieren-indesign-photoshop\/","title":{"rendered":"Warum Sie Farbprofile nutzen sollten \u2013 und wie Sie diese korrekt installieren"},"content":{"rendered":"<p>Warum Sie ein Farbprofil installieren sollten? Die Antwort ist denkbar einfach: f\u00fcr ein qualitativ hochwertiges und einheitliches Druckergebnis, auch auf unterschiedlichen Papieren. Profitieren Sie von einer verbesserten Druckqualit\u00e4t, in dem Sie die korrekten Farbprofile installieren und beispielsweise in Photoshop und InDesign nutzen.<\/p>\n<p>Onlineprinters setzt die im September 2015 \u00fcberarbeiteten Farbprofil-Standards vom International Color Consortium (ICC) ein. Wir zeigen Ihnen, wie Sie diese unter Windows und Mac OS installieren und in Photoshop bzw. InDesign anwenden. Nach dem Video folgt eine schriftliche Erl\u00e4uterung.<\/p>\n<h2><a name=\"video\"><\/a>Video-Tutorial<\/h2>\n<p><iframe loading=\"lazy\" title=\"YouTube video player\" src=\"https:\/\/www.youtube.com\/embed\/623Qf25LWxM\" width=\"560\" height=\"315\" frameborder=\"0\" allowfullscreen=\"allowfullscreen\"><\/iframe><\/p>\n<p><strong>Inhalt<\/strong><\/p>\n<ul>\n<li><a href=\"#video\">Video-Tutorial<\/a><\/li>\n<li><a href=\"#farbprofile-wozu\">Wozu Farbprofile?<\/a><\/li>\n<li><a href=\"#1a\">Schritt 1a: ICC-Farbprofile installieren (neue Version 3)<\/a>\n<ul style=\"margin-bottom: 3px;\">\n<li><a href=\"#1a-farbprofile-windows\">Farbprofile v3 unter Windows installieren<\/a><\/li>\n<li><a href=\"#1a-farbprofile-mac\">Farbprofile v3 unter Mac OS installieren<\/a><\/li>\n<\/ul>\n<\/li>\n<li><a href=\"#1b-farbprofile-installieren-alt\">Schritt 1b: ICC-Farbprofile installieren (alte Version 2)<\/a>\n<ul style=\"margin-bottom: 3px;\">\n<li><a href=\"#1b-farbprofile-windows\">Farbprofile v2 unter Windows installieren<\/a><\/li>\n<li><a href=\"#1b-farbprofile-mac\">Farbprofile v2 unter Mac OS installieren<\/a><\/li>\n<\/ul>\n<\/li>\n<li><a href=\"#farbeinstellungen-indesign\">Schritt 2: Farbeinstellungen von InDesign festlegen<\/a><\/li>\n<li><a href=\"#2-farbprofile-photoshop\">Schritt 3: Farbeinstellungen von Photoshop festlegen<\/a><\/li>\n<li><a href=\"#tiefschwarz\">Schritt 4 (optional): Textschwarz vs. Tiefschwarz \u2013 die Schwarzdarstellung in InDesign<\/a><\/li>\n<\/ul>\n<p><a name=\"farbprofile-wozu\"><\/a><\/p>\n<h2>Wozu Farbprofile?<\/h2>\n<p>Jedes Medium stellt Farben individuell dar: Bilder sehen daher auf Smartphones anders aus als auf dem Monitor, einem Plakat oder einer Brosch\u00fcre.<\/p>\n<p>Im Druck sind insbesondere Papiere eine Herausforderung, denn diese haben unterschiedliche F\u00e4rbungen und Oberfl\u00e4chenstrukturen. Identische Druckfarben und Druckmotive k\u00f6nnen auf unterschiedlichen Papieren v\u00f6llig anders wirken. Mit Farbprofilen, welche die Besonderheiten von Papieren und Druckverfahren ber\u00fccksichtigen, wird angestrebt, Farben auf allen Medien (ob am Monitor, einem anderen Ger\u00e4t oder gedruckt) so \u00e4hnlich wie m\u00f6glich aussehen zu lassen.<\/p>\n<p>Damit das funktioniert, entwickelt das <a href=\"http:\/\/www.color.org\/index.xalter\" target=\"_blank\" rel=\"noopener noreferrer\">International Color Consortium<\/a> (ICC) <strong>Farbprofile<\/strong> f\u00fcr unterschiedlichste Medien. Die Farbprofile stehen zum kostenlosen Download bereit (dazu gleich mehr), sie sind f\u00fcr Windows,\u00a0 Mac OS sowie grunds\u00e4tzlich alle anderen g\u00e4ngigen Betriebssysteme geeignet. Ab Werk sind die Farbprofile aber in der Regel nicht installiert, weshalb Sie das nachholen sollten. Zus\u00e4tzlich m\u00fcssen Sie die Farbprofile in Ihr Layoutprogramm einbinden. Wie das geht, zeigen wir im Folgenden ebenfalls ausf\u00fchrlich.<\/p>\n<p>Und wie es so ist in der Forschung \u2013 sie steht niemals still. Die f\u00fcr Druckereien relevanten Farbprofile (PSO coated &amp; uncoated) sind seit 2015 in einer aktualisierten Version erh\u00e4ltlich. Die aktuelle <strong>Version 3<\/strong> dieses Standards verspricht eine noch bessere Farbwiedergabe und Farbreproduktion, insbesondere auf Naturpapieren. Aber auch die Anforderungen an Messtechnik, Normlicht und Proof-Papiere haben sich mit der Drucknorm 12647-2:2013 ge\u00e4ndert.<\/p>\n<div class=\"custom-background custom-background-dos\">\n<p>F\u00fcr gestrichene Papiere, wie Bilderdruckpapiere, ben\u00f6tigt Onlineprinters das Farbprofil <strong>PSO coated v3<\/strong>. F\u00fcr ungestrichene Papiere, wie Offset- und Naturpapiere, ben\u00f6tigen wir das Farbprofil <strong>PSO uncoated v3<\/strong>. Auf den Produktseiten finden Sie unter \u201eDruckdatenhinweise\u201c Informationen zum ben\u00f6tigten Farbprofil.<\/p>\n<\/div>\n<p><a name=\"1a\"><\/a><\/p>\n<h2 style=\"clear: both;\">Die neuen ICC-Farbprofile installieren (Version 3)<\/h2>\n<p>Relevant f\u00fcr den Druck und damit vor allem f\u00fcr ein qualitativ hochwertiges Druckergebnis sind die Farbprofile f\u00fcr gestrichene und ungestrichene Papiere. Die Farbprofile sind kostenlos, werden von der <a href=\"http:\/\/www.eci.org\/de\/start\" target=\"_blank\" rel=\"noopener noreferrer\">ECI<\/a> (European Color Initiative) bereitgestellt und k\u00f6nnen direkt hier als .zip-Datei heruntergeladen werden:<\/p>\n<ul>\n<li><a href=\"http:\/\/www.eci.org\/_media\/downloads\/icc_profiles_from_eci\/pso-coated_v3.zip\" target=\"_blank\" rel=\"noopener noreferrer\">gestrichene Papiere = PSO coated V3 <\/a><\/li>\n<li><a href=\"http:\/\/www.eci.org\/_media\/downloads\/icc_profiles_from_eci\/pso-uncoated_v3_fogra52.zip\" target=\"_blank\" rel=\"noopener noreferrer\">ungestrichene Papiere = PSO uncoated V3 <\/a><\/li>\n<\/ul>\n<p>Alternativ sind die Profile nat\u00fcrlich auch auf der ECI-Seite im Bereich <a href=\"http:\/\/www.eci.org\/de\/downloads\" target=\"_blank\" rel=\"noopener noreferrer\">Downloads<\/a> zu finden und dort im Abschnitt <a href=\"http:\/\/www.eci.org\/de\/downloads#cmyk-austauschfarbraum_ecicmyk\" target=\"_blank\" rel=\"noopener noreferrer\">CMYK-Austauschfarbraum eciCMYK<\/a>. Die Profile sind auch als FOGRA 51 bzw. FOGRA 52 bekannt.<\/p>\n<p>Entpacken Sie die .zip-Dateien mit einem entsprechenden Programm. Das weitere Vorgehen der Installation ist vom Betriebssystem abh\u00e4ngig.<\/p>\n<p><a name=\"1a-farbprofile-windows\"><\/a><\/p>\n<h3>Farbprofil unter Windows installieren<\/h3>\n<p>\u00d6ffnen Sie den entpackten Ordner. Mit einem Rechtsklick auf das entsprechende Farbprofil erscheint der Dialog <span class=\"guideline\">Profil installieren<\/span>. Best\u00e4tigen Sie mit einem Linksklick. Wiederholen Sie diesen Vorgang mit dem anderen Farbprofil. Fertig!<\/p>\n<p><img loading=\"lazy\" decoding=\"async\" class=\"alignnone wp-image-16120 size-large\" style=\"border: 1px solid grey;\" src=\"https:\/\/www.onlineprinters.de\/magazin\/wp-content\/uploads\/2018\/11\/Farbprofil-installieren-Windows-1024x365.png\" alt=\"Screenshot eines Windows-Dateiverzeichnisses mit zwei Dateien: einem Ordner namens \u201e_MACOSX\u201c und einem Farbprofil namens \u201ePSOcoated_v3\u201c. Ein Dropdown-Men\u00fc mit Optionen wird ge\u00f6ffnet, in dem \u201eNach \u201aDropbox\u2018 verschieben\u201c hervorgehoben ist.\" width=\"696\" height=\"248\" srcset=\"https:\/\/www.onlineprinters.de\/magazin\/wp-content\/uploads\/2018\/11\/Farbprofil-installieren-Windows-1024x365.png 1024w, https:\/\/www.onlineprinters.de\/magazin\/wp-content\/uploads\/2018\/11\/Farbprofil-installieren-Windows-300x107.png 300w, https:\/\/www.onlineprinters.de\/magazin\/wp-content\/uploads\/2018\/11\/Farbprofil-installieren-Windows-768x274.png 768w, https:\/\/www.onlineprinters.de\/magazin\/wp-content\/uploads\/2018\/11\/Farbprofil-installieren-Windows-696x248.png 696w, https:\/\/www.onlineprinters.de\/magazin\/wp-content\/uploads\/2018\/11\/Farbprofil-installieren-Windows-1068x381.png 1068w, https:\/\/www.onlineprinters.de\/magazin\/wp-content\/uploads\/2018\/11\/Farbprofil-installieren-Windows-1178x420.png 1178w, https:\/\/www.onlineprinters.de\/magazin\/wp-content\/uploads\/2018\/11\/Farbprofil-installieren-Windows.png 1770w\" sizes=\"auto, (max-width: 696px) 100vw, 696px\" \/><\/p>\n<p>Alternativ zu diesem Vorgehen k\u00f6nnen Sie die Farbprofile auch manuell in folgenden Windows-Ordner kopieren: <span class=\"guideline\">\\WINDOWS\\system32\\spool\\drivers\\color<\/span><\/p>\n<p><img loading=\"lazy\" decoding=\"async\" class=\"alignnone wp-image-16122 size-large\" style=\"border: 1px solid grey;\" src=\"https:\/\/www.onlineprinters.de\/magazin\/wp-content\/uploads\/2018\/11\/Farbprofil-manuell-installieren-windows-1-1024x592.png\" alt=\"Ein Screenshot eines Windows-Ordnerverzeichnisses, das Systemdateien im Zusammenhang mit Farbprofilen zeigt. Die Dateien werden mit Details wie Name, \u00c4nderungsdatum, Typ und Gr\u00f6\u00dfe aufgelistet. Zwei Dateien, \u201ePSOcoated_v3\u201c und \u201ePSOcoated_v3\u201c, sind hervorgehoben.\" width=\"696\" height=\"402\" srcset=\"https:\/\/www.onlineprinters.de\/magazin\/wp-content\/uploads\/2018\/11\/Farbprofil-manuell-installieren-windows-1-1024x592.png 1024w, https:\/\/www.onlineprinters.de\/magazin\/wp-content\/uploads\/2018\/11\/Farbprofil-manuell-installieren-windows-1-300x173.png 300w, https:\/\/www.onlineprinters.de\/magazin\/wp-content\/uploads\/2018\/11\/Farbprofil-manuell-installieren-windows-1-768x444.png 768w, https:\/\/www.onlineprinters.de\/magazin\/wp-content\/uploads\/2018\/11\/Farbprofil-manuell-installieren-windows-1-696x402.png 696w, https:\/\/www.onlineprinters.de\/magazin\/wp-content\/uploads\/2018\/11\/Farbprofil-manuell-installieren-windows-1-1068x617.png 1068w, https:\/\/www.onlineprinters.de\/magazin\/wp-content\/uploads\/2018\/11\/Farbprofil-manuell-installieren-windows-1-727x420.png 727w, https:\/\/www.onlineprinters.de\/magazin\/wp-content\/uploads\/2018\/11\/Farbprofil-manuell-installieren-windows-1.png 1237w\" sizes=\"auto, (max-width: 696px) 100vw, 696px\" \/><\/p>\n<p>&nbsp;<\/p>\n<p><a name=\"1a-farbprofile-mac\"><\/a><\/p>\n<h3>Farbprofile unter Mac OS installieren<\/h3>\n<p>W\u00e4hlen Sie in den jeweiligen entpackten Ordnern das Farbprofil aus und kopieren Sie dieses.<\/p>\n<p>F\u00fcgen Sie das entsprechende Farbprofil entweder in diesen Ordner<\/p>\n<p><span class=\"guideline \">\/Library\/ColorSync\/Profiles<\/span><\/p>\n<p>oder in diesen Ordner<\/p>\n<p><span class=\"guideline\">\/Benutzer\/[Benutzername]\/Library\/ColorSync\/Profiles<\/span><\/p>\n<p>ein.<\/p>\n<p>L\u00e4sst sich der Library-Ordner nicht direkt finden, gehen Sie wie folgt vor:\u00a0Gehen Sie zur Men\u00fcleiste des <span class=\"guideline\">Finders<\/span>, klicken Sie auf <span class=\"guideline\">Gehe zu<\/span> und dr\u00fccken Sie dann die <span class=\"guideline\">alt-Taste<\/span>. Das Men\u00fc klappt sich aus und etwa in der Mitte finden Sie nun den Eintrag <span class=\"guideline\">Library<\/span>. W\u00e4hlen Sie diesen aus und gehen Sie zum Ordner <span class=\"guideline\">ColorSync<\/span> und dann zu <span class=\"guideline\">Profiles<\/span>.<\/p>\n<p><img loading=\"lazy\" decoding=\"async\" class=\"alignnone wp-image-16126 size-full\" src=\"https:\/\/www.onlineprinters.de\/magazin\/wp-content\/uploads\/2018\/11\/Farbprofil-installieren-Mac-Os_Color-Sync-2.png\" alt=\"Auf einem Computerbildschirm wird ein Dateiverzeichnis in einem Bibliotheksordner angezeigt. Die hervorgehobene Datei ist \u201ePSOcoated_v3.icc\u201c, datiert auf den 4. September 2015 und hat eine Gr\u00f6\u00dfe von 2,2 MB. Andere Dateien und Ordner werden mit \u00c4nderungsdatum und Gr\u00f6\u00dfe aufgelistet.\" width=\"949\" height=\"391\" srcset=\"https:\/\/www.onlineprinters.de\/magazin\/wp-content\/uploads\/2018\/11\/Farbprofil-installieren-Mac-Os_Color-Sync-2.png 949w, https:\/\/www.onlineprinters.de\/magazin\/wp-content\/uploads\/2018\/11\/Farbprofil-installieren-Mac-Os_Color-Sync-2-300x124.png 300w, https:\/\/www.onlineprinters.de\/magazin\/wp-content\/uploads\/2018\/11\/Farbprofil-installieren-Mac-Os_Color-Sync-2-768x316.png 768w, https:\/\/www.onlineprinters.de\/magazin\/wp-content\/uploads\/2018\/11\/Farbprofil-installieren-Mac-Os_Color-Sync-2-696x287.png 696w\" sizes=\"auto, (max-width: 949px) 100vw, 949px\" \/><\/p>\n<p>Nachdem Sie die neuen Farbprofile installiert haben, m\u00fcssen Sie diese bei der Erzeugung von Druckdaten entsprechend ber\u00fccksichtigen; siehe dazu unsere weitere <a href=\"#farbeinstellungen-indesign\">Profil-Installationsanleitung ab Schritt 2<\/a>.<\/p>\n<p><a name=\"1b-farbprofile-installieren-alt\"><\/a><\/p>\n<h2>ICC-Farbprofile installieren (\u00e4ltere Version 2)<\/h2>\n<p>ICC-Farbprofile der \u00e4lteren Version 2 installieren Sie grunds\u00e4tzlich genauso. Dies ist wie eingangs erw\u00e4hnt f\u00fcr Produkte bei Onlineprinters nicht erforderlich, soll der Vollst\u00e4ndigkeit halber aber trotzdem erw\u00e4hnt werden.<\/p>\n<p>Unter <a href=\"http:\/\/www.eci.org\/de\/downloads\" target=\"_blank\" rel=\"noopener noreferrer\">eci.org\/de\/downloads<\/a> scrollen Sie zum Punkt <span class=\"guideline\">ICC-Profile der ECI (alte Versionen)<\/span> und laden die Datei \u201eeci_offset_2009.zip\u201c herunter. Diese zip-Datei muss gespeichert und entpackt werden. Mit einem Rechtsklick auf die Datei k\u00f6nnen Sie verschiedene Entpack-Optionen w\u00e4hlen.<\/p>\n<p>Mindestens diese ICC-Profile sollten Sie auf Ihrem Ger\u00e4t installieren:<\/p>\n<ul>\n<li>ISOcoated_v2_300_eci.icc<\/li>\n<li>ISOcoated_v2_eci.icc<\/li>\n<li>PSO_Uncoated_ISO12647_ECI.icc<\/li>\n<\/ul>\n<p><a name=\"1b-farbprofile-windows\"><\/a><\/p>\n<h3>ICC-Profil-Installation bei Windows:<\/h3>\n<p>\u00d6ffnen Sie den extrahierten Ordner <span class=\"guideline\">eci_offset_2009<\/span> und w\u00e4hlen Sie den gleichnamigen Unterordner aus. Hier finden Sie neben Informations-PDFs auch .icc-Dateien, die von Windows als ICC-Profil erkannt werden.<\/p>\n<p>Klicken Sie nun jeweils ein Profil mit der rechten Maustaste an und w\u00e4hlen Sie <span class=\"guideline\">Profil installieren<\/span>: ISOcoated_v2_300_eci.icc, ISOcoated_v2_eci.icc und PSO_Uncoated_ISO12647_ECI.icc. Alternativ kopieren Sie die Dateien in den Windows-Ordner unter dem Pfad <span class=\"guideline\">\\WINDOWS\\system32\\spool\\drivers\\color<\/span>.<\/p>\n<p><a name=\"1b-farbprofile-mac\"><\/a><\/p>\n<h3>ICC-Profil-Installation bei Mac OS:<\/h3>\n<p>W\u00e4hlen Sie im Ordner <span class=\"guideline\">eci_offset_2009<\/span> den Unterordner <span class=\"guideline\">_MACOSX<\/span> und darin den Ordner <span class=\"guideline\">ECI_Offset_2009<\/span> aus. Kopieren Sie die ben\u00f6tigten Profile entweder in den Ordner <span class=\"guideline\">\/Library\/ColorSync\/Profiles<\/span> oder in <span class=\"guideline\">\/Benutzer\/[Benutzername]\/Library\/ColorSync\/Profiles<\/span>.<\/p>\n<p>Damit verf\u00fcgt Ihr Betriebssystem \u00fcber die wichtigsten ICC-Profile und Sie k\u00f6nnen die n\u00f6tigen Einstellungen in Adobe InDesign und\/oder Photoshop vornehmen. W\u00e4hlen Sie im weiteren Verlauf der Anleitung \u201eISO Coated v2 (ECI)\u201c statt \u201ePSO Coated v3\u201c und \u201ePSO Uncoated ISO12647\u201c statt \u201ePSO Uncoated v3\u201c, falls Sie die \u00e4lteren Farbprofile ben\u00f6tigen.<\/p>\n<p><a name=\"farbeinstellungen-indesign\"><\/a><\/p>\n<h2>InDesign-Farbeinstellungen installieren<\/h2>\n<p>Sobald die ICC-Profile im Betriebssystem installiert sind, stehen sie grunds\u00e4tzlich allen Anwendungen zur Verf\u00fcgung. Ein Neustart ist in der Regel nicht erforderlich, allerdings m\u00fcssen Sie nach der Installation ggf. die einzelnen Creativ-Cloud-Anwendungen neu starten.<\/p>\n<div class=\"custom-background-grey\">\n<div class=\"custom-background custom-background-donts\">\n<p>Achtung: Nach der Installation von Farbprofilen m\u00fcssen Adobe-Programme evtl. neu gestartet werden, damit die Farbprofile anwendbar sind.<\/p>\n<\/div>\n<\/div>\n<p><a name=\"2-farbprofile-indesign-global\"><\/a><\/p>\n<h3>Voreinstellungen global festlegen<\/h3>\n<p>Die globalen Farbeinstellungen von Adobe InDesign legen Sie fest, indem Sie die heruntergeladenen ICC-Farbprofile als Arbeitsfarbr\u00e4ume bestimmen. Zur Farbverwaltung:<\/p>\n<p>Klicken Sie im Men\u00fc <span class=\"guideline\">Bearbeiten<\/span> auf <span class=\"guideline\">Farbeinstellungen<\/span>.<\/p>\n<p><a href=\"https:\/\/www.onlineprinters.de\/magazin\/wp-content\/uploads\/2018\/12\/2018-12-04-14_19_21-Clipboard.png\"><img loading=\"lazy\" decoding=\"async\" class=\"td-modal-image alignnone size-large wp-image-16615\" src=\"https:\/\/www.onlineprinters.de\/magazin\/wp-content\/uploads\/2018\/12\/2018-12-04-14_19_21-Clipboard-1024x663.png\" alt=\"Screenshot einer Designsoftware-Oberfl\u00e4che. Ein leeres Dokument ist ge\u00f6ffnet. Die Men\u00fcleiste oben zeigt Dropdown-Optionen, darunter \u201eFarbprofil installieren\u201c, und an den Seiten sind verschiedene Tools und Bedienfelder sichtbar, wie Ebenen und Farboptionen. Die Oberfl\u00e4che ist auf Deutsch.\" width=\"696\" height=\"451\" srcset=\"https:\/\/www.onlineprinters.de\/magazin\/wp-content\/uploads\/2018\/12\/2018-12-04-14_19_21-Clipboard-1024x663.png 1024w, https:\/\/www.onlineprinters.de\/magazin\/wp-content\/uploads\/2018\/12\/2018-12-04-14_19_21-Clipboard-300x194.png 300w, https:\/\/www.onlineprinters.de\/magazin\/wp-content\/uploads\/2018\/12\/2018-12-04-14_19_21-Clipboard-768x497.png 768w, https:\/\/www.onlineprinters.de\/magazin\/wp-content\/uploads\/2018\/12\/2018-12-04-14_19_21-Clipboard-696x451.png 696w, https:\/\/www.onlineprinters.de\/magazin\/wp-content\/uploads\/2018\/12\/2018-12-04-14_19_21-Clipboard-1068x692.png 1068w, https:\/\/www.onlineprinters.de\/magazin\/wp-content\/uploads\/2018\/12\/2018-12-04-14_19_21-Clipboard-649x420.png 649w, https:\/\/www.onlineprinters.de\/magazin\/wp-content\/uploads\/2018\/12\/2018-12-04-14_19_21-Clipboard.png 1575w\" sizes=\"auto, (max-width: 696px) 100vw, 696px\" \/><\/a><\/p>\n<p>Das gew\u00fcnschte Bedienfeld zur Farbverwaltung \u00f6ffnet sich:<\/p>\n<p><a href=\"https:\/\/www.onlineprinters.de\/magazin\/wp-content\/uploads\/2018\/12\/2018-12-04-14_23_44-Clipboard.png\"><img loading=\"lazy\" decoding=\"async\" class=\"td-modal-image alignnone size-full wp-image-16617\" src=\"https:\/\/www.onlineprinters.de\/magazin\/wp-content\/uploads\/2018\/12\/2018-12-04-14_23_44-Clipboard.png\" alt=\"Screenshot eines deutschsprachigen Dialogfelds, das Farbeinstellungen in einer Softwareanwendung anzeigt, einschlie\u00dflich Optionen zum Installieren von Farbprofilen und Arbeitsfarbr\u00e4umen f\u00fcr RGB und CMYK. Es hebt auch Farbmanagementrichtlinien und Konvertierungsoptionen mit den Schaltfl\u00e4chen \u201eOK\u201c, \u201eAbbrechen\u201c und \u201eSpeichern\u201c hervor.\" width=\"614\" height=\"735\" srcset=\"https:\/\/www.onlineprinters.de\/magazin\/wp-content\/uploads\/2018\/12\/2018-12-04-14_23_44-Clipboard.png 614w, https:\/\/www.onlineprinters.de\/magazin\/wp-content\/uploads\/2018\/12\/2018-12-04-14_23_44-Clipboard-251x300.png 251w, https:\/\/www.onlineprinters.de\/magazin\/wp-content\/uploads\/2018\/12\/2018-12-04-14_23_44-Clipboard-351x420.png 351w\" sizes=\"auto, (max-width: 614px) 100vw, 614px\" \/><\/a><\/p>\n<p>Passen Sie die Einstellungen folgenderma\u00dfen an:<\/p>\n<ul>\n<li>Einstellungen: Benutzerdefiniert im erweiterten Modus<\/li>\n<li>Arbeitsfarbr\u00e4ume:\n<ul>\n<li>RGB: Adobe RGB (1998) oder sRGB (kleiner als Adobe RGB)<\/li>\n<li>CMYK: PSO Coated v3<\/li>\n<\/ul>\n<\/li>\n<li>Farbmanagement-Richtlinien:\n<ul>\n<li>RGB: Eingebettete Profile beibehalten<\/li>\n<li>CMYK: Werte beibehalten<\/li>\n<\/ul>\n<\/li>\n<\/ul>\n<p>Diese Angaben zum Farbraum und dem Farbmanagement werden von InDesign automatisch gespeichert und bleiben auch f\u00fcr die n\u00e4chsten Projekte erhalten.<\/p>\n<p>Die Farbprofile lassen sich aber auch f\u00fcr jede Datei einzeln und unabh\u00e4ngig von den globalen Vorstellungen festlegen. Das ist sinnvoll, da ja beispielsweise f\u00fcr ungestrichene Papiere andere Profildaten verwendet werden sollten. Ausgew\u00e4hlt wird das gew\u00fcnschte Farbprofil im PDF-Export-Dialog.<\/p>\n<p><a name=\"2-farbprofile-indesign-pdf\"><\/a><\/p>\n<h3>PDF-Export-Einstellungen<\/h3>\n<p>Um eine InDesign-Datei f\u00fcr den PDF-Export zu erzeugen, klicken Sie auf <span class=\"guideline\">Datei<\/span> &gt; <span class=\"guideline\">Exportieren<\/span>. W\u00e4hlen Sie das Dateiformat <strong>Adobe PDF<\/strong> aus, vergeben Sie einen Dateinamen und klicken Sie auf <span class=\"guideline\">Speichern<\/span>.<\/p>\n<p>Nun \u00f6ffnet sich das Fenster f\u00fcr den PDF-Export. Klicken Sie auf <span class=\"guideline\">Ausgabe<\/span>. W\u00e4hlen Sie nun unbedingt die Option\u00a0<span class=\"guideline\">In Zielprofil konvertieren (Werte beibehalten)<\/span> aus. Das Ziel ist hier dann das f\u00fcr Ihr Druckprodukt entsprechende Farbprofil\u00a0(coated v3 oder uncoated v3).<\/p>\n<p><img loading=\"lazy\" decoding=\"async\" class=\"alignnone size-full wp-image-25715\" src=\"https:\/\/www.onlineprinters.de\/magazin\/wp-content\/uploads\/2020\/01\/Bild_PDF_exportieren_InDesign_2020_.jpg\" alt=\"Screenshot der Adobe PDF-Exporteinstellungen zeigt PDF-Exportoptionen, einschlie\u00dflich der Formate PDF\/X-3:2002 und PDF\/X-4:2010. Es bietet Farbkonvertierung in PSO Coated v3 und ein Ausgabeprofil mit Schaltfl\u00e4chen zum Verwalten von Druckfarben und zum bequemen Exportieren.\" width=\"811\" height=\"678\" srcset=\"https:\/\/www.onlineprinters.de\/magazin\/wp-content\/uploads\/2020\/01\/Bild_PDF_exportieren_InDesign_2020_.jpg 811w, https:\/\/www.onlineprinters.de\/magazin\/wp-content\/uploads\/2020\/01\/Bild_PDF_exportieren_InDesign_2020_-300x251.jpg 300w, https:\/\/www.onlineprinters.de\/magazin\/wp-content\/uploads\/2020\/01\/Bild_PDF_exportieren_InDesign_2020_-768x642.jpg 768w, https:\/\/www.onlineprinters.de\/magazin\/wp-content\/uploads\/2020\/01\/Bild_PDF_exportieren_InDesign_2020_-696x582.jpg 696w, https:\/\/www.onlineprinters.de\/magazin\/wp-content\/uploads\/2020\/01\/Bild_PDF_exportieren_InDesign_2020_-502x420.jpg 502w\" sizes=\"auto, (max-width: 811px) 100vw, 811px\" \/><\/p>\n<div class=\"custom-background custom-background-dos\">\n<p>Im <strong>Export-Dialog<\/strong> finden Sie weitere wichtige Einstellungen f\u00fcr die <strong>Erzeugung von Druckdaten<\/strong>. Diese erl\u00e4utern wir detailliert in dem Artikel: <a href=\"https:\/\/www.onlineprinters.de\/magazin\/druckfertige-pdfs-exportieren-indesign\/\" target=\"_blank\" rel=\"noopener noreferrer\">So exportieren Sie druckfertige PDFs.<\/a><\/p>\n<\/div>\n<p><a name=\"2-farbprofile-photoshop\"><\/a><\/p>\n<h2>Farbprofile in Photoshop einrichten<\/h2>\n<p>Um das Farbprofil in Photoshop zu ber\u00fccksichtigen, gehen Sie wie folgt vor:<\/p>\n<p>Klicken Sie auf <span class=\"guideline\">Datei<\/span> und dann auf <span class=\"guideline\">Speichern unter<\/span>. W\u00e4hlen Sie das Dateiformat <strong>Photoshop PDF<\/strong> aus, vergeben Sie einen Dateinamen und klicken Sie auf <span class=\"guideline\">Speichern<\/span>.<\/p>\n<p><img loading=\"lazy\" decoding=\"async\" class=\"alignnone wp-image-16161 size-medium\" src=\"https:\/\/www.onlineprinters.de\/magazin\/wp-content\/uploads\/2018\/11\/photoshop-farbprofile-Dateiname-300x128.png\" alt=\"Ein Screenshot eines Dialogfelds zum Speichern einer Datei auf Deutsch. Im Feld \u201eDateiname\u201c steht \u201eTestdatei\u201c und im Feld \u201eDateityp\u201c steht \u201ePhotoshop PDF (*.PDF;*PDP)\u201c. Die Oberfl\u00e4che ist \u00fcberwiegend wei\u00df mit grauen Akzenten.\" width=\"300\" height=\"128\" srcset=\"https:\/\/www.onlineprinters.de\/magazin\/wp-content\/uploads\/2018\/11\/photoshop-farbprofile-Dateiname-300x128.png 300w, https:\/\/www.onlineprinters.de\/magazin\/wp-content\/uploads\/2018\/11\/photoshop-farbprofile-Dateiname.png 583w\" sizes=\"auto, (max-width: 300px) 100vw, 300px\" \/><\/p>\n<p>Im folgenden Dialogfeld klicken Sie auf <span class=\"guideline\">Ausgabe<\/span>. Im Feld <span class=\"guideline\">Farbe<\/span> w\u00e4hlen Sie unter <strong>Farbkonvertierung<\/strong> die Option <span class=\"guideline\">in Zielprofil konvertieren<\/span> aus. Unter <strong>Ziel<\/strong> haben Sie nun die M\u00f6glichkeit, das entsprechende Farbprofil <strong>(coated v3<\/strong> oder <strong>uncoated v3<\/strong>) auszuw\u00e4hlen.<\/p>\n<p><a href=\"https:\/\/www.onlineprinters.de\/magazin\/wp-content\/uploads\/2018\/11\/photoshop-farbprofile-installieren.png\"><img loading=\"lazy\" decoding=\"async\" class=\"td-modal-image alignnone wp-image-16162 size-full\" src=\"https:\/\/www.onlineprinters.de\/magazin\/wp-content\/uploads\/2018\/11\/photoshop-farbprofile-installieren.png\" alt=\"Einstellungsfenster zum Speichern einer PDF-Datei in Adobe-Software. Zu den Optionen geh\u00f6ren PDF-Standard, Kompatibilit\u00e4t, Farbkonvertierung und Ausgabeabsicht. Unten befinden sich die Schaltfl\u00e4chen \u201ePDF speichern\u201c und \u201eAbbrechen\u201c. Die Dialoge sind auf Deutsch.\" width=\"819\" height=\"569\" srcset=\"https:\/\/www.onlineprinters.de\/magazin\/wp-content\/uploads\/2018\/11\/photoshop-farbprofile-installieren.png 819w, https:\/\/www.onlineprinters.de\/magazin\/wp-content\/uploads\/2018\/11\/photoshop-farbprofile-installieren-300x208.png 300w, https:\/\/www.onlineprinters.de\/magazin\/wp-content\/uploads\/2018\/11\/photoshop-farbprofile-installieren-768x534.png 768w, https:\/\/www.onlineprinters.de\/magazin\/wp-content\/uploads\/2018\/11\/photoshop-farbprofile-installieren-100x70.png 100w, https:\/\/www.onlineprinters.de\/magazin\/wp-content\/uploads\/2018\/11\/photoshop-farbprofile-installieren-218x150.png 218w, https:\/\/www.onlineprinters.de\/magazin\/wp-content\/uploads\/2018\/11\/photoshop-farbprofile-installieren-696x484.png 696w, https:\/\/www.onlineprinters.de\/magazin\/wp-content\/uploads\/2018\/11\/photoshop-farbprofile-installieren-605x420.png 605w\" sizes=\"auto, (max-width: 819px) 100vw, 819px\" \/><\/a><\/p>\n<div class=\"custom-background custom-background-donts\">\n<p><strong>Achtung<\/strong>: F\u00fcr die Erzeugung von druckf\u00e4higen PDFs sind m\u00f6glicherweise weitere Einstellungen notwendig. Weiterf\u00fchrende Informationen hierzu finden Sie im Artikel:<a href=\"https:\/\/www.onlineprinters.de\/magazin\/druckfertige-pdfs-exportieren-indesign\/\" target=\"_blank\" rel=\"noopener noreferrer\"> So exportieren Sie druckfertige PDFs<\/a>.<\/p>\n<\/div>\n<p>Auch Photoshop bietet die M\u00f6glichkeit, Farbprofile global zu installieren; der Weg f\u00fchrt auch hier \u00fcber das Men\u00fc <span class=\"guideline\">Bearbeiten<\/span> und den Unterpunkt <span class=\"guideline\">Farbeinstellungen<\/span>. Das Dialogfeld zur Farbverwaltung sieht etwas anders aus, bietet aber im Wesentlichen die gleichen Optionen wie <a href=\"#2-farbprofile-indesign-global\">bei InDesign<\/a>.<\/p>\n<p><a name=\"tiefschwarz\"><\/a><\/p>\n<h2>Textschwarz vs. Tiefschwarz: die Schwarzdarstellung in InDesign<\/h2>\n<p>Nicht direkt mit dem Farbprofil verwandt, aber ebenfalls enorm wichtig ist die Wahl der Schwarzdarstellung. Diese k\u00f6nnen Sie bei der Wahl des Farbprofils gleich mit festlegen. Einen ausf\u00fchrlichen Hintergrundartikel zum Thema <a href=\"https:\/\/www.onlineprinters.de\/magazin\/tiefschwarz-cmyk\/\">Tiefschwarz haben wir hier verfasst<\/a>; nachfolgend daher nur die wichtigsten Informationen in K\u00fcrze.<\/p>\n<p>Schwarz ist nicht gleich schwarz, ob am Monitor oder auf Papier. F\u00fcr das Druckergebnis spielt es eine Rolle, ob ein Objekt in K100 oder in C40 M40 Y70 K100 (Beispielwert), einem sogenannten Tiefschwarz, angelegt ist. Durch die Vermischung mit Cyan, Magenta und Yellow wirkt das Schwarz entweder noch satter oder bekommt je nach Mischverh\u00e4ltnis einen leichten Farbstich. F\u00fcr normalen Flie\u00dftext ist die Anlage in K100 n\u00f6tig!<\/p>\n<p>Damit Sie InDesign nicht auf den Leim gehen, weil K100 und Tiefschwarz auf dem Monitor exakt gleich wiedergegeben werden, haben Sie unter dem Men\u00fcpunkt <span class=\"guideline\">Bearbeiten &gt; Voreinstellungen<\/span> die M\u00f6glichkeit, die beste Schwarzdarstellung f\u00fcr sich auszuw\u00e4hlen.<\/p>\n<p><a href=\"https:\/\/www.onlineprinters.de\/magazin\/wp-content\/uploads\/2018\/12\/2018-12-04-16_09_58-Clipboard.png\"><img loading=\"lazy\" decoding=\"async\" class=\"td-modal-image alignnone size-large wp-image-16634\" src=\"https:\/\/www.onlineprinters.de\/magazin\/wp-content\/uploads\/2018\/12\/2018-12-04-16_09_58-Clipboard-1024x685.png\" alt=\"Screenshot einer Softwareoberfl\u00e4che mit einem Dropdown-Men\u00fc und mehreren Werkzeugleisten. Das Men\u00fc mit dem Titel \u201eDatei\u201c hebt \u201eDokumenteneinrichtung\u201c hervor. Daneben sind Leisten f\u00fcr Ebenen, Farben und andere Werkzeuge zu sehen. Erw\u00e4gen Sie die Verwendung der Option zum Installieren eines Farbprofils f\u00fcr verbesserte visuelle Darstellungen auf Ihrer inhaltsfreien Seite.\" width=\"696\" height=\"466\" srcset=\"https:\/\/www.onlineprinters.de\/magazin\/wp-content\/uploads\/2018\/12\/2018-12-04-16_09_58-Clipboard-1024x685.png 1024w, https:\/\/www.onlineprinters.de\/magazin\/wp-content\/uploads\/2018\/12\/2018-12-04-16_09_58-Clipboard-300x201.png 300w, https:\/\/www.onlineprinters.de\/magazin\/wp-content\/uploads\/2018\/12\/2018-12-04-16_09_58-Clipboard-768x514.png 768w, https:\/\/www.onlineprinters.de\/magazin\/wp-content\/uploads\/2018\/12\/2018-12-04-16_09_58-Clipboard-696x466.png 696w, https:\/\/www.onlineprinters.de\/magazin\/wp-content\/uploads\/2018\/12\/2018-12-04-16_09_58-Clipboard-1068x715.png 1068w, https:\/\/www.onlineprinters.de\/magazin\/wp-content\/uploads\/2018\/12\/2018-12-04-16_09_58-Clipboard-628x420.png 628w, https:\/\/www.onlineprinters.de\/magazin\/wp-content\/uploads\/2018\/12\/2018-12-04-16_09_58-Clipboard.png 1524w\" sizes=\"auto, (max-width: 696px) 100vw, 696px\" \/><\/a><\/p>\n<p>W\u00e4hlen Sie f\u00fcr den <span class=\"guideline\">Bildschirm<\/span> und <span class=\"guideline\">Druck\/Export<\/span> die Option <span class=\"guideline\">Alle Schwarzt\u00f6ne korrekt anzeigen<\/span> aus.<\/p>\n<p><a href=\"https:\/\/www.onlineprinters.de\/magazin\/wp-content\/uploads\/2018\/12\/SchwarzdarstellungInDesign.png\"><img loading=\"lazy\" decoding=\"async\" class=\"td-modal-image alignnone size-large wp-image-16638\" src=\"https:\/\/www.onlineprinters.de\/magazin\/wp-content\/uploads\/2018\/12\/SchwarzdarstellungInDesign.png\" alt=\"Das Einstellungsfenster enth\u00e4lt links ein Seitenleistenmen\u00fc und rechts ein Optionsfeld \u201eSchwarzdarstellung\u201c, das Anzeigeeinstellungen f\u00fcr schwarze Farben auf Bildschirmen und im Druck bietet. Au\u00dferdem k\u00f6nnen Sie dort Farbprofile installieren, mit Beispieltext, Farbfeldern und Schaltfl\u00e4chen f\u00fcr \u201eOK\u201c und \u201eAbbrechen\u201c.\" width=\"696\" height=\"559\" srcset=\"https:\/\/www.onlineprinters.de\/magazin\/wp-content\/uploads\/2018\/12\/SchwarzdarstellungInDesign.png 888w, https:\/\/www.onlineprinters.de\/magazin\/wp-content\/uploads\/2018\/12\/SchwarzdarstellungInDesign-300x241.png 300w, https:\/\/www.onlineprinters.de\/magazin\/wp-content\/uploads\/2018\/12\/SchwarzdarstellungInDesign-768x617.png 768w, https:\/\/www.onlineprinters.de\/magazin\/wp-content\/uploads\/2018\/12\/SchwarzdarstellungInDesign-696x559.png 696w, https:\/\/www.onlineprinters.de\/magazin\/wp-content\/uploads\/2018\/12\/SchwarzdarstellungInDesign-523x420.png 523w\" sizes=\"auto, (max-width: 696px) 100vw, 696px\" \/><\/a><\/p>\n<p>Dieser Artikel wurde erstmals im Dezember 2018 ver\u00f6ffentlicht und im Mai 2023 aktualisiert. Das Video-Tutorial wurde im Zuge der Aktualisierung erstellt.<\/p>\n<div class=\"custom-background-grey\">\n<p><strong>Video-Credit:<\/strong> Es gestaltet und spricht der Art Director Christoph Ullrich.<\/p>\n<\/div>\n","protected":false},"excerpt":{"rendered":"<p>Farbprofile sorgen f\u00fcr ein einheitliches Druckergebnis auf unterschiedlichen Papieren. Wir zeigen, wie Sie diese installieren und bei der Druckdatenerstellung einbinden.<\/p>\n","protected":false},"author":27,"featured_media":16247,"comment_status":"open","ping_status":"open","sticky":false,"template":"","format":"standard","meta":{"footnotes":""},"categories":[230,165,231,232,5,6,12,227,50,51,52],"tags":[],"class_list":["post-791","post","type-post","status-publish","format-standard","has-post-thumbnail","hentry","category-1_creative-cloud-top","category-creative-cloud-indesign-tipps","category-creative-cloud-photoshop","category-creative-cloud-tipps","category-design","category-design-creative-cloud","category-druck-insights","category-druckwissen","category-tutorials","category-tutorials-indesign","category-tutorials-photoshop","post_overlay_tag-mit-video-tutorial"],"yoast_head":"<!-- This site is optimized with the Yoast SEO plugin v27.5 - https:\/\/yoast.com\/product\/yoast-seo-wordpress\/ -->\n<title>ICC-Farbprofil installieren: InDesign und Photoshop (Windows\/Mac)<\/title>\n<meta name=\"description\" content=\"Ausf\u00fchrliche Schritt-f\u00fcr-Schritt-Anleitung: So installieren Sie das richtige Farbprofil unter Windows und Mac OS in InDesign und Photoshop.\" \/>\n<meta name=\"robots\" content=\"index, follow, max-snippet:-1, max-image-preview:large, max-video-preview:-1\" \/>\n<link rel=\"canonical\" href=\"https:\/\/www.onlineprinters.de\/magazin\/farbprofil-installieren-indesign-photoshop\/\" \/>\n<meta property=\"og:locale\" content=\"de_DE\" \/>\n<meta property=\"og:type\" content=\"article\" \/>\n<meta property=\"og:title\" content=\"ICC-Farbprofil installieren: InDesign und Photoshop (Windows\/Mac)\" \/>\n<meta property=\"og:description\" content=\"Ausf\u00fchrliche Schritt-f\u00fcr-Schritt-Anleitung: So installieren Sie das richtige Farbprofil unter Windows und Mac OS in InDesign und Photoshop.\" \/>\n<meta property=\"og:url\" content=\"https:\/\/www.onlineprinters.de\/magazin\/farbprofil-installieren-indesign-photoshop\/\" \/>\n<meta property=\"og:site_name\" content=\"Onlineprinters Magazin\" \/>\n<meta property=\"article:published_time\" content=\"2023-05-15T08:30:26+00:00\" \/>\n<meta property=\"article:modified_time\" content=\"2025-04-28T13:06:42+00:00\" \/>\n<meta property=\"og:image\" content=\"https:\/\/www.onlineprinters.de\/magazin\/wp-content\/uploads\/2018\/11\/Template-Titelbild-Farbprofile-installieren.jpg\" \/>\n\t<meta property=\"og:image:width\" content=\"1068\" \/>\n\t<meta property=\"og:image:height\" content=\"580\" \/>\n\t<meta property=\"og:image:type\" content=\"image\/jpeg\" \/>\n<meta name=\"author\" content=\"Christian\" \/>\n<meta name=\"twitter:card\" content=\"summary_large_image\" \/>\n<script type=\"application\/ld+json\" class=\"yoast-schema-graph\">{\"@context\":\"https:\\\/\\\/schema.org\",\"@graph\":[{\"@type\":\"Article\",\"@id\":\"https:\\\/\\\/www.onlineprinters.de\\\/magazin\\\/farbprofil-installieren-indesign-photoshop\\\/#article\",\"isPartOf\":{\"@id\":\"https:\\\/\\\/www.onlineprinters.de\\\/magazin\\\/farbprofil-installieren-indesign-photoshop\\\/\"},\"author\":{\"name\":\"Christian\",\"@id\":\"https:\\\/\\\/www.onlineprinters.de\\\/magazin\\\/#\\\/schema\\\/person\\\/71f0264c99d311a8e16837b6debd0633\"},\"headline\":\"Warum Sie Farbprofile nutzen sollten \u2013 und wie Sie diese korrekt installieren\",\"datePublished\":\"2023-05-15T08:30:26+00:00\",\"dateModified\":\"2025-04-28T13:06:42+00:00\",\"mainEntityOfPage\":{\"@id\":\"https:\\\/\\\/www.onlineprinters.de\\\/magazin\\\/farbprofil-installieren-indesign-photoshop\\\/\"},\"wordCount\":1655,\"commentCount\":16,\"image\":{\"@id\":\"https:\\\/\\\/www.onlineprinters.de\\\/magazin\\\/farbprofil-installieren-indesign-photoshop\\\/#primaryimage\"},\"thumbnailUrl\":\"https:\\\/\\\/www.onlineprinters.de\\\/magazin\\\/wp-content\\\/uploads\\\/2018\\\/11\\\/Template-Titelbild-Farbprofile-installieren.jpg\",\"articleSection\":[\"1_Creative Cloud Top\",\"Creative Cloud InDesign\",\"Creative Cloud Photoshop\",\"Creative Cloud Tipps\",\"Design\",\"Design Creative Cloud\",\"Druck &amp; Insights\",\"Druckwissen\",\"Tutorials\",\"Tutorials Indesign\",\"Tutorials Photoshop\"],\"inLanguage\":\"de\",\"potentialAction\":[{\"@type\":\"CommentAction\",\"name\":\"Comment\",\"target\":[\"https:\\\/\\\/www.onlineprinters.de\\\/magazin\\\/farbprofil-installieren-indesign-photoshop\\\/#respond\"]}]},{\"@type\":\"WebPage\",\"@id\":\"https:\\\/\\\/www.onlineprinters.de\\\/magazin\\\/farbprofil-installieren-indesign-photoshop\\\/\",\"url\":\"https:\\\/\\\/www.onlineprinters.de\\\/magazin\\\/farbprofil-installieren-indesign-photoshop\\\/\",\"name\":\"ICC-Farbprofil installieren: InDesign und Photoshop (Windows\\\/Mac)\",\"isPartOf\":{\"@id\":\"https:\\\/\\\/www.onlineprinters.de\\\/magazin\\\/#website\"},\"primaryImageOfPage\":{\"@id\":\"https:\\\/\\\/www.onlineprinters.de\\\/magazin\\\/farbprofil-installieren-indesign-photoshop\\\/#primaryimage\"},\"image\":{\"@id\":\"https:\\\/\\\/www.onlineprinters.de\\\/magazin\\\/farbprofil-installieren-indesign-photoshop\\\/#primaryimage\"},\"thumbnailUrl\":\"https:\\\/\\\/www.onlineprinters.de\\\/magazin\\\/wp-content\\\/uploads\\\/2018\\\/11\\\/Template-Titelbild-Farbprofile-installieren.jpg\",\"datePublished\":\"2023-05-15T08:30:26+00:00\",\"dateModified\":\"2025-04-28T13:06:42+00:00\",\"author\":{\"@id\":\"https:\\\/\\\/www.onlineprinters.de\\\/magazin\\\/#\\\/schema\\\/person\\\/71f0264c99d311a8e16837b6debd0633\"},\"description\":\"Ausf\u00fchrliche Schritt-f\u00fcr-Schritt-Anleitung: So installieren Sie das richtige Farbprofil unter Windows und Mac OS in InDesign und Photoshop.\",\"inLanguage\":\"de\",\"potentialAction\":[{\"@type\":\"ReadAction\",\"target\":[\"https:\\\/\\\/www.onlineprinters.de\\\/magazin\\\/farbprofil-installieren-indesign-photoshop\\\/\"]}]},{\"@type\":\"ImageObject\",\"inLanguage\":\"de\",\"@id\":\"https:\\\/\\\/www.onlineprinters.de\\\/magazin\\\/farbprofil-installieren-indesign-photoshop\\\/#primaryimage\",\"url\":\"https:\\\/\\\/www.onlineprinters.de\\\/magazin\\\/wp-content\\\/uploads\\\/2018\\\/11\\\/Template-Titelbild-Farbprofile-installieren.jpg\",\"contentUrl\":\"https:\\\/\\\/www.onlineprinters.de\\\/magazin\\\/wp-content\\\/uploads\\\/2018\\\/11\\\/Template-Titelbild-Farbprofile-installieren.jpg\",\"width\":1068,\"height\":580,\"caption\":\"Ein Rei\u00dfverschluss \u00f6ffnet sich und gibt den Blick auf einen farbenfrohen Farbverlauf und leuchtende Bl\u00fctenbl\u00e4tter frei, die aus einer schwarz-wei\u00dfen Blume hervorwachsen. Das Bild symbolisiert den \u00dcbergang von monotonen zu leuchtenden Farben.\"},{\"@type\":\"WebSite\",\"@id\":\"https:\\\/\\\/www.onlineprinters.de\\\/magazin\\\/#website\",\"url\":\"https:\\\/\\\/www.onlineprinters.de\\\/magazin\\\/\",\"name\":\"Onlineprinters Magazin\",\"description\":\"\",\"potentialAction\":[{\"@type\":\"SearchAction\",\"target\":{\"@type\":\"EntryPoint\",\"urlTemplate\":\"https:\\\/\\\/www.onlineprinters.de\\\/magazin\\\/?s={search_term_string}\"},\"query-input\":{\"@type\":\"PropertyValueSpecification\",\"valueRequired\":true,\"valueName\":\"search_term_string\"}}],\"inLanguage\":\"de\"},{\"@type\":\"Person\",\"@id\":\"https:\\\/\\\/www.onlineprinters.de\\\/magazin\\\/#\\\/schema\\\/person\\\/71f0264c99d311a8e16837b6debd0633\",\"name\":\"Christian\",\"image\":{\"@type\":\"ImageObject\",\"inLanguage\":\"de\",\"@id\":\"https:\\\/\\\/www.onlineprinters.de\\\/magazin\\\/wp-content\\\/uploads\\\/2022\\\/05\\\/Screenshot-2022-05-24-165715.png\",\"url\":\"https:\\\/\\\/www.onlineprinters.de\\\/magazin\\\/wp-content\\\/uploads\\\/2022\\\/05\\\/Screenshot-2022-05-24-165715.png\",\"contentUrl\":\"https:\\\/\\\/www.onlineprinters.de\\\/magazin\\\/wp-content\\\/uploads\\\/2022\\\/05\\\/Screenshot-2022-05-24-165715.png\",\"caption\":\"Christian\"},\"description\":\"\u00bbMehr als das Gold hat das Blei die Welt ver\u00e4ndert. Und mehr als das Blei in der Flinte das im Setzkasten.\u00ab Georg Christoph Lichtenberg erinnerte uns schon vor mehr als 200 Jahren daran, wie kostbar freie Information einst war; in diesem Sinne versuche ich, auch in der heutigen Onlinewelt das Wesentliche klar und pr\u00e4gnant zu vermitteln.\",\"url\":\"https:\\\/\\\/www.onlineprinters.de\\\/magazin\\\/author\\\/christian\\\/\"}]}<\/script>\n<!-- \/ Yoast SEO plugin. -->","yoast_head_json":{"title":"ICC-Farbprofil installieren: InDesign und Photoshop (Windows\/Mac)","description":"Ausf\u00fchrliche Schritt-f\u00fcr-Schritt-Anleitung: So installieren Sie das richtige Farbprofil unter Windows und Mac OS in InDesign und Photoshop.","robots":{"index":"index","follow":"follow","max-snippet":"max-snippet:-1","max-image-preview":"max-image-preview:large","max-video-preview":"max-video-preview:-1"},"canonical":"https:\/\/www.onlineprinters.de\/magazin\/farbprofil-installieren-indesign-photoshop\/","og_locale":"de_DE","og_type":"article","og_title":"ICC-Farbprofil installieren: InDesign und Photoshop (Windows\/Mac)","og_description":"Ausf\u00fchrliche Schritt-f\u00fcr-Schritt-Anleitung: So installieren Sie das richtige Farbprofil unter Windows und Mac OS in InDesign und Photoshop.","og_url":"https:\/\/www.onlineprinters.de\/magazin\/farbprofil-installieren-indesign-photoshop\/","og_site_name":"Onlineprinters Magazin","article_published_time":"2023-05-15T08:30:26+00:00","article_modified_time":"2025-04-28T13:06:42+00:00","og_image":[{"width":1068,"height":580,"url":"https:\/\/www.onlineprinters.de\/magazin\/wp-content\/uploads\/2018\/11\/Template-Titelbild-Farbprofile-installieren.jpg","type":"image\/jpeg"}],"author":"Christian","twitter_card":"summary_large_image","schema":{"@context":"https:\/\/schema.org","@graph":[{"@type":"Article","@id":"https:\/\/www.onlineprinters.de\/magazin\/farbprofil-installieren-indesign-photoshop\/#article","isPartOf":{"@id":"https:\/\/www.onlineprinters.de\/magazin\/farbprofil-installieren-indesign-photoshop\/"},"author":{"name":"Christian","@id":"https:\/\/www.onlineprinters.de\/magazin\/#\/schema\/person\/71f0264c99d311a8e16837b6debd0633"},"headline":"Warum Sie Farbprofile nutzen sollten \u2013 und wie Sie diese korrekt installieren","datePublished":"2023-05-15T08:30:26+00:00","dateModified":"2025-04-28T13:06:42+00:00","mainEntityOfPage":{"@id":"https:\/\/www.onlineprinters.de\/magazin\/farbprofil-installieren-indesign-photoshop\/"},"wordCount":1655,"commentCount":16,"image":{"@id":"https:\/\/www.onlineprinters.de\/magazin\/farbprofil-installieren-indesign-photoshop\/#primaryimage"},"thumbnailUrl":"https:\/\/www.onlineprinters.de\/magazin\/wp-content\/uploads\/2018\/11\/Template-Titelbild-Farbprofile-installieren.jpg","articleSection":["1_Creative Cloud Top","Creative Cloud InDesign","Creative Cloud Photoshop","Creative Cloud Tipps","Design","Design Creative Cloud","Druck &amp; Insights","Druckwissen","Tutorials","Tutorials Indesign","Tutorials Photoshop"],"inLanguage":"de","potentialAction":[{"@type":"CommentAction","name":"Comment","target":["https:\/\/www.onlineprinters.de\/magazin\/farbprofil-installieren-indesign-photoshop\/#respond"]}]},{"@type":"WebPage","@id":"https:\/\/www.onlineprinters.de\/magazin\/farbprofil-installieren-indesign-photoshop\/","url":"https:\/\/www.onlineprinters.de\/magazin\/farbprofil-installieren-indesign-photoshop\/","name":"ICC-Farbprofil installieren: InDesign und Photoshop (Windows\/Mac)","isPartOf":{"@id":"https:\/\/www.onlineprinters.de\/magazin\/#website"},"primaryImageOfPage":{"@id":"https:\/\/www.onlineprinters.de\/magazin\/farbprofil-installieren-indesign-photoshop\/#primaryimage"},"image":{"@id":"https:\/\/www.onlineprinters.de\/magazin\/farbprofil-installieren-indesign-photoshop\/#primaryimage"},"thumbnailUrl":"https:\/\/www.onlineprinters.de\/magazin\/wp-content\/uploads\/2018\/11\/Template-Titelbild-Farbprofile-installieren.jpg","datePublished":"2023-05-15T08:30:26+00:00","dateModified":"2025-04-28T13:06:42+00:00","author":{"@id":"https:\/\/www.onlineprinters.de\/magazin\/#\/schema\/person\/71f0264c99d311a8e16837b6debd0633"},"description":"Ausf\u00fchrliche Schritt-f\u00fcr-Schritt-Anleitung: So installieren Sie das richtige Farbprofil unter Windows und Mac OS in InDesign und Photoshop.","inLanguage":"de","potentialAction":[{"@type":"ReadAction","target":["https:\/\/www.onlineprinters.de\/magazin\/farbprofil-installieren-indesign-photoshop\/"]}]},{"@type":"ImageObject","inLanguage":"de","@id":"https:\/\/www.onlineprinters.de\/magazin\/farbprofil-installieren-indesign-photoshop\/#primaryimage","url":"https:\/\/www.onlineprinters.de\/magazin\/wp-content\/uploads\/2018\/11\/Template-Titelbild-Farbprofile-installieren.jpg","contentUrl":"https:\/\/www.onlineprinters.de\/magazin\/wp-content\/uploads\/2018\/11\/Template-Titelbild-Farbprofile-installieren.jpg","width":1068,"height":580,"caption":"Ein Rei\u00dfverschluss \u00f6ffnet sich und gibt den Blick auf einen farbenfrohen Farbverlauf und leuchtende Bl\u00fctenbl\u00e4tter frei, die aus einer schwarz-wei\u00dfen Blume hervorwachsen. Das Bild symbolisiert den \u00dcbergang von monotonen zu leuchtenden Farben."},{"@type":"WebSite","@id":"https:\/\/www.onlineprinters.de\/magazin\/#website","url":"https:\/\/www.onlineprinters.de\/magazin\/","name":"Onlineprinters Magazin","description":"","potentialAction":[{"@type":"SearchAction","target":{"@type":"EntryPoint","urlTemplate":"https:\/\/www.onlineprinters.de\/magazin\/?s={search_term_string}"},"query-input":{"@type":"PropertyValueSpecification","valueRequired":true,"valueName":"search_term_string"}}],"inLanguage":"de"},{"@type":"Person","@id":"https:\/\/www.onlineprinters.de\/magazin\/#\/schema\/person\/71f0264c99d311a8e16837b6debd0633","name":"Christian","image":{"@type":"ImageObject","inLanguage":"de","@id":"https:\/\/www.onlineprinters.de\/magazin\/wp-content\/uploads\/2022\/05\/Screenshot-2022-05-24-165715.png","url":"https:\/\/www.onlineprinters.de\/magazin\/wp-content\/uploads\/2022\/05\/Screenshot-2022-05-24-165715.png","contentUrl":"https:\/\/www.onlineprinters.de\/magazin\/wp-content\/uploads\/2022\/05\/Screenshot-2022-05-24-165715.png","caption":"Christian"},"description":"\u00bbMehr als das Gold hat das Blei die Welt ver\u00e4ndert. Und mehr als das Blei in der Flinte das im Setzkasten.\u00ab Georg Christoph Lichtenberg erinnerte uns schon vor mehr als 200 Jahren daran, wie kostbar freie Information einst war; in diesem Sinne versuche ich, auch in der heutigen Onlinewelt das Wesentliche klar und pr\u00e4gnant zu vermitteln.","url":"https:\/\/www.onlineprinters.de\/magazin\/author\/christian\/"}]}},"_links":{"self":[{"href":"https:\/\/www.onlineprinters.de\/magazin\/wp-json\/wp\/v2\/posts\/791","targetHints":{"allow":["GET"]}}],"collection":[{"href":"https:\/\/www.onlineprinters.de\/magazin\/wp-json\/wp\/v2\/posts"}],"about":[{"href":"https:\/\/www.onlineprinters.de\/magazin\/wp-json\/wp\/v2\/types\/post"}],"author":[{"embeddable":true,"href":"https:\/\/www.onlineprinters.de\/magazin\/wp-json\/wp\/v2\/users\/27"}],"replies":[{"embeddable":true,"href":"https:\/\/www.onlineprinters.de\/magazin\/wp-json\/wp\/v2\/comments?post=791"}],"version-history":[{"count":20,"href":"https:\/\/www.onlineprinters.de\/magazin\/wp-json\/wp\/v2\/posts\/791\/revisions"}],"predecessor-version":[{"id":42040,"href":"https:\/\/www.onlineprinters.de\/magazin\/wp-json\/wp\/v2\/posts\/791\/revisions\/42040"}],"wp:featuredmedia":[{"embeddable":true,"href":"https:\/\/www.onlineprinters.de\/magazin\/wp-json\/wp\/v2\/media\/16247"}],"wp:attachment":[{"href":"https:\/\/www.onlineprinters.de\/magazin\/wp-json\/wp\/v2\/media?parent=791"}],"wp:term":[{"taxonomy":"category","embeddable":true,"href":"https:\/\/www.onlineprinters.de\/magazin\/wp-json\/wp\/v2\/categories?post=791"},{"taxonomy":"post_tag","embeddable":true,"href":"https:\/\/www.onlineprinters.de\/magazin\/wp-json\/wp\/v2\/tags?post=791"}],"curies":[{"name":"wp","href":"https:\/\/api.w.org\/{rel}","templated":true}]}}