{"id":9891,"date":"2018-01-30T09:00:12","date_gmt":"2018-01-30T08:00:12","guid":{"rendered":"https:\/\/www.diedruckerei.de\/magazin\/?p=9891"},"modified":"2025-04-28T16:03:34","modified_gmt":"2025-04-28T14:03:34","slug":"bilder-teilen-facebook-urheberrechte","status":"publish","type":"post","link":"https:\/\/www.onlineprinters.de\/magazin\/bilder-teilen-facebook-urheberrechte\/","title":{"rendered":"Bild geteilt, Abmahnung erhalten: Wie Sie Urheberrechte bei Facebook &#038; Co. wahren"},"content":{"rendered":"<h2>Gesehen, geteilt, gezahlt<\/h2>\n<p>Wer sich im Internet bewegt und dabei auch noch mit Bildern zu tun hat, sollte \u00fcber ein solides Wissen \u00fcber Urheberrechte und dessen Verletzungen verf\u00fcgen (einen ersten Einblick geben unsere Artikel <a href=\"https:\/\/www.onlineprinters.de\/magazin\/nutzungsrechte-fotos-und-bilder\/\">Nutzungsrechte: Fotos und Bilder richtig verwenden<\/a> sowie <a href=\"https:\/\/www.onlineprinters.de\/magazin\/bildrechte-was-sie-unbedingt-wissen-sollten\/\">Bildrechte: Was Sie unbedingt wissen sollten<\/a>).<\/p>\n<p>Relativ unbekannt dagegen ist die Gefahr, sich schon beim sogenannten <em>Teilen eines Artikels<\/em> via Facebook oder anderen sozialen Netzwerken eine Abmahnung ins Haus zu holen. Tats\u00e4chlich passiert ist dies einer Fahrlehrerin, die einen Zeitungsartikel \u00fcber den Fu\u00dfballspieler Marco Reus geteilt hatte. Was sie nicht beachtet hatte: Durch das Teilen des Beitrags wurde dessen Titelbild auf ihrer Profilseite ver\u00f6ffentlicht; das Foto wiederum war die Arbeit eines professionellen Fotografen, der schlie\u00dflich seine Bildrechte geltend machte.<\/p>\n<p>Der Fall ist fast drei Jahre alt und seitdem hat es eine Reihe weiterer Urteile zum Urheberrecht in sozialen Netzwerken gegeben, die das Problem teils relativierten, teils aber auch neue Unw\u00e4gbarkeiten ins Spiel brachten. Die Brisanz ist also weiterhin hoch und von Entwarnung kann noch keine Rede sein.<\/p>\n<p>Was also kann man sorglos teilen? Diese und mehr haben wir einen Rechtsexperten auf diesem Gebiet, Rechtsanwalt Rohrlich, gefragt; er hat bereits einige B\u00fccher zu diesem und verwandten Rechtsthemen ver\u00f6ffentlicht.<\/p>\n<h2>Interview mit Rechtsanwalt Michael Rohrlich<\/h2>\n<p><em><strong>diedruckerei.de-Magazin:<\/strong> Sehr geehrter Herr Rechtsanwalt Rohrlich; was beim Fotografieren von Personen und Geb\u00e4uden grunds\u00e4tzlich zu beachten ist, d\u00fcrften mittlerweile die meisten Medienschaffenden wissen. Was aber, wenn ich Inhalte anderer<\/em><em> weitergebe, also beispielsweise die Teilen-Funktion der sozialen Netzwerke nutze, oder Videos in meinem Blog einbinde?<\/em><\/p>\n<p><strong>Michael Rohrlich:<\/strong> Generell muss man schauen, ob die Quelle, auf der das urspr\u00fcngliche Bild oder Video bereitgestellt wird (zum Beispiel Youtube), grunds\u00e4tzlich die M\u00f6glichkeit bietet, dass Dritte die Inhalte f\u00fcr ihre eigenen Zwecke \u00fcbernehmen k\u00f6nnen, etwa durch Einbinden (\u201eEmbedding\u201c) der Inhalte. Wird solch eine Funktion bereitgestellt, dann wissen zum einen diejenigen, die ihre Inhalte hochladen, dar\u00fcber Bescheid bzw. haben dies bei Anlegen ihres Accounts durch Akzeptanz der Nutzungsbestimmungen best\u00e4tigt.<\/p>\n<p>Zum anderen will die Plattform durch Bereitstellen der \u201eEmbedding\u201c-Funktion ja genau dies erm\u00f6glichen, um so eine m\u00f6glichst gro\u00dfe Verbreitung der Inhalte zu erreichen. Insofern muss man in aller Regel davon ausgehen k\u00f6nnen, dass ein Einbinden solcher Inhalte in die eigene Website zul\u00e4ssig ist.<\/p>\n<p><em><strong>diedruckerei.de-Magazin:<\/strong> Manchmal werden Bilder automatisch eingebettet, etwa beim Setzen eines Links, der dann eine Vorschau generiert \u2026<\/em><\/p>\n<p><strong>Michael Rohrlich:<\/strong> In puncto Vorschau-Funktion, zum Beispiel beim Posten eines Links auf Facebook, gilt zu beachten, dass die im Rahmen der Website-Vorschau dargestellten Bilder urheberrechtlichen Schutz haben k\u00f6nnen. Diesbez\u00fcglich gibt es (noch) keine einheitliche obergerichtliche Rechtsprechung, deshalb gilt im Zweifel auch hier: lieber die Vorschau-Funktion deaktivieren.<\/p>\n<p>Beim Teilen oder Einbetten fremder Inhalte muss aber auch stets bedacht werden, dass man sich diese Inhalte \u2013 je nach Kontext \u2013 zu eigen macht und dann gegebenenfalls auch daf\u00fcr haftbar gemacht werden kann.<\/p>\n<blockquote class=\"td_pull_quote td_pull_right\"><p><span style=\"font-size: 18pt;\">Beim Einbetten fremder Inhalte kann man haftbar gemacht werden<\/span><\/p><\/blockquote>\n<p><em><strong>diedruckerei.de-Magazin:<\/strong> Das m\u00fcssen Sie uns erkl\u00e4ren; was genau bedeutet es, sich Inhalte zu eigen zu machen?<\/em><\/p>\n<p><strong>Michael Rohrlich:<\/strong> Nach Ma\u00dfgabe des Bundesgerichtshofs (BGH) ist f\u00fcr ein \u201eSich-zu-eigen-machen\u201c auf die objektive Sicht eines verst\u00e4ndigen Durchschnittsnutzers auf der Grundlage einer Gesamtbetrachtung aller Umst\u00e4nde abzustellen. Oder kurz: Es kommt darauf an.<\/p>\n<p>Das kann bedeuten, dass es ausreichend ist, dass jemand fremde Inhalte auf Vollst\u00e4ndigkeit und Richtigkeit \u00fcberpr\u00fcft und sie anschlie\u00dfend freischaltet. Auch dann, wenn sich zum Beispiel der Betreiber eines Forums umfassende Rechte an den Beitr\u00e4gen seiner Nutzer von diesen einr\u00e4umen l\u00e4sst, d\u00fcrfte ein \u201eSich-zu-eigen-machen\u201c vorliegen.<\/p>\n<p>Eindeutig wird es dann, wenn etwa der Link auf eine fremde Website mit \u201edas entspricht genau meiner Meinung\u201c oder \u00e4hnlichen Aussagen versehen wird.<\/p>\n<p><em><strong>diedruckerei.de-Magazin:<\/strong> Gilt das auch f\u00fcr einfache Links ohne Vorschau? Oder salopp gesagt: Verlinken wird man ja wohl noch d\u00fcrfen, oder?<\/em><\/p>\n<p><strong>Michael Rohrlich:<\/strong> Eine blo\u00dfe Verlinkung auf fremde Inhalte ist in aller Regel unproblematisch. Zwar hat der Europ\u00e4ische Gerichtshof (EuGH) entschieden, dass ein Link \u201emit Gewinnerzielungsabsicht\u201c auf rechtswidrige Inhalte, zum Beispiel unberechtigterweise ver\u00f6ffentliche Fotos, als selbst\u00e4ndiger Urheberrechtsversto\u00df zu werten ist. Dies sieht die deutsche Rechtsprechung bzw. auch die deutsche Fachliteratur inzwischen etwas kritischer.<\/p>\n<div style=\"margin: 2em 4em 2em 0em; float: left; width: 20em;\">\n<blockquote><p>\u201eDas kann nicht im Interesse der Allgemeinheit sein\u201c<\/p><\/blockquote>\n<\/div>\n<p>Denn sonst w\u00e4re die Konsequenz tats\u00e4chlich so, dass man vor dem Setzen eines externen Links eine schriftliche Best\u00e4tigung des Betreibers der zu verlinkenden Website dar\u00fcber einholen m\u00fcsste, dass seine Seite frei von Rechtsverst\u00f6\u00dfen ist. Das kann letztendlich nat\u00fcrlich nicht im Interesse der Allgemeinheit sein, w\u00fcrde es das dem Internet zugrundeliegende technische Prinzip doch ad absurdum f\u00fchren.<\/p>\n<p><em><strong>diedruckerei.de-Magazin:<\/strong> Wie kann ich Inhalte Dritter \u00fcberhaupt rechtssicher einbinden?<\/em><\/p>\n<p><strong>Michael Rohrlich:<\/strong> Indem Sie einige Faustregeln beherzigen, die vom BGH beziehungsweise auch vom EuGH konkretisiert worden sind: Einerseits darf keine andere Wiedergabetechnik eingesetzt werden, das hei\u00dft, ein Bild darf nicht im Rahmen der Einbettung etwa mit einer anderen Farbe versehen oder ein GIF als \u201eunbewegtes\u201c Bild dargestellt werden. Andererseits darf es zu keiner \u201eErweiterung des Publikums\u201c kommen, das hei\u00dft ein eigentlich nur f\u00fcr einen eingeschr\u00e4nkten Personenkreis gedachtes Material darf nicht uneingeschr\u00e4nkt der \u00d6ffentlichkeit zur Verf\u00fcgung gestellt werden.<\/p>\n<figure id=\"attachment_9928\" aria-describedby=\"caption-attachment-9928\" style=\"width: 680px\" class=\"wp-caption alignnone\"><img loading=\"lazy\" decoding=\"async\" class=\"size-large wp-image-9928\" src=\"https:\/\/www.onlineprinters.de\/magazin\/wp-content\/uploads\/2018\/01\/Beitragsbild_Einbetten-680x346.jpg\" alt=\"Das Einbetten fremder Inhalte ist in der Regel unproblematisch, sofern es die Plattform ausdr\u00fccklich erlaubt\" width=\"680\" height=\"346\" \/><figcaption id=\"caption-attachment-9928\" class=\"wp-caption-text\">Nicht alles, was verbreitet werden kann, sollte auch tats\u00e4chlich geteilt oder eingebettet werden<\/figcaption><\/figure>\n<p>Weiterhin sollte bis auf Weiteres davon Abstand genommen werden, offensichtlich rechtswidrig hochgeladenes Material einzubetten \u2013 allerdings kann die Bewertung hier im Einzelfall schwierig sein. Im Zweifel gilt also: eher die Finger davon lassen. Andernfalls drohen kostenpflichtige Abmahnungen mit teils deftigen Schadensersatzforderungen. Je nachdem, ob es sich um ein Bild von einem Profi-Fotografen oder um einen privaten Handy-Schnappschuss handelt, ob das Bild rein privaten oder auch gewerblichen Zwecken dient, wie lange es verwendet wird etc., k\u00f6nnen die geforderten Summen durchaus im vierstelligen Bereich liegen.<\/p>\n<p><em><strong>diedruckerei.de-Magazin:<\/strong> Was muss ich beachten, wenn ich selber Bilder ver\u00f6ffentliche<\/em><em>? <\/em><\/p>\n<p><strong>Michael Rohrlich:<\/strong> Wenn ich selber Bilder oder Videos poste, dann muss ich nat\u00fcrlich auch damit rechnen, dass Dritte diese Inhalte teilen oder einbetten. Ein reines Verlinken meiner Inhalte kann ich ohnehin nicht unterbinden \u2013 es sei denn, sie befinden sich in einem passwortgesch\u00fctzten Bereich, zu dem nur Berechtigte Zugang erhalten sollen. Beim Teilen bzw. Einbetten meiner Inhalte m\u00fcssen Dritte nat\u00fcrlich auch die oben ausgef\u00fchrten Bedingungen beachten.<\/p>\n<p>Es ist also ein Unterschied, ob ich ein Video bei Youtube einstelle, wo ich aufgrund der vom Plattformbetreiber schon erm\u00f6glichten Funktionalit\u00e4ten mit einem Einbetten durch Dritte rechnen muss, oder ob ich ein Foto auf meiner Website darstelle und es eben nicht mit einer Teilen- oder Einbetten-Funktion versehe.<\/p>\n<p><em><strong>diedruckerei.de-Magazin:<\/strong> Immer wieder sieht man Bilder von sogenannten <\/em><em>Stockphoto-Agenturen in sozialen Kan\u00e4len. Bedenklich?<\/em><\/p>\n<p><strong>Michael Rohrlich:<\/strong> Die Lizenzbedingungen von \u201eStock\u201c-Fotos sehen oftmals in der Tat vor, dass ich die erworbenen Rechte an den Werken nicht an Dritte \u00fcbertragen darf \u2013 was aber durch entsprechende Klauseln in den meisten sozialen Medien der Fall w\u00e4re. Das bedeutet, dass ich entweder g\u00e4nzlich lizenzfreies Material oder spezielle Social-Media-Lizenzen erwerben muss, damit ich das jeweilige Material auch bei Facebook, Twitter, LinkedIn &amp; Co. nutzen darf.<\/p>\n<p>Habe ich eine solche spezielle Lizenz nicht, sondern nur eine \u201enormale\u201c Online-Lizenz, und binde das Werk auf meiner Website ein, dann kann ich es nat\u00fcrlich nicht wirklich verhindern, wenn Dritte dieses Werk dennoch in den sozialen Medien teilen oder es irgendwie f\u00fcr ihre eigenen Zwecke einbetten. Technisch ist vieles m\u00f6glich, aber nicht immer ist juristisch auch alles erlaubt.<\/p>\n<p><em>Herr Rohrlich, wir danken Ihnen f\u00fcr das Interview!<\/em><\/p>\n<div class=\"custom-background-grey\">\n<h3><\/h3>\n<p><img loading=\"lazy\" decoding=\"async\" class=\"wp-image-9916 alignleft\" src=\"https:\/\/www.onlineprinters.de\/magazin\/wp-content\/uploads\/2018\/01\/RA-Michael-Rohrich.png\" alt=\"Rechtsanwalt Michael Rohrlich kl\u00e4rt auf, was es beim Teilen von Inhalten in sozialen Netzwerken zu beachten gilt\" width=\"229\" height=\"244\" \/><\/p>\n<h3>Zur Person:<\/h3>\n<p>Michael Rohrlich, Jahrgang 1974 (\u201eGeneration C64\u201c), ist Rechtsanwalt, Fachautor und Dozent (RA-Rohrlich.de). Seine Kanzlei befindet sich in W\u00fcrselen, N\u00e4he Aachen. Seine beruflichen Schwerpunkte liegen in den Bereichen IT- und Onlinerecht, Datenschutzrecht und Gewerblicher Rechtsschutz. Er schreibt regelm\u00e4\u00dfig f\u00fcr diverse Print- &amp; Online-Publikationen, ist Autor mehrerer B\u00fccher sowie Video-Trainer bei video2brain (LinkedIn).<\/p>\n<p>In seinem j\u00fcngsten Kompendium \u201eRecht f\u00fcr Webshop-Betreiber: Das umfassende Handbuch\u201c gibt er wertvolle Tipps zu den Themen Urheberrecht, Domainrecht, Haftungsfragen, AGB etc. und liefert auch Hinweise zum rechtlich korrekten Umgang mit den sozialen Medien.<\/p>\n<p>Homepage: <a href=\"https:\/\/www.ra-rohrlich.de\">https:\/\/www.ra-rohrlich.de<\/a><\/p>\n<\/div>\n<p>&nbsp;<\/p>\n<h2>Fazit: Bildrechte und Urheberrechte beim Teilen auf Facebook &amp; Co.<\/h2>\n<p>Zusammenfassend l\u00e4sst sich sagen, dass es nicht risikolos ist, Beitr\u00e4ge in sozialen Netzwerken wie Facebook zu teilen. Ob Nutzer tats\u00e4chlich auch dann haften, wenn sie eigentlich gar nichts daf\u00fcrk\u00f6nnen (wie im Fahrschul-Beispiel), ist nicht abschlie\u00dfend gekl\u00e4rt. \u201eEs gibt noch keine einheitliche obergerichtliche Rechtsprechung\u201c, sagt Rechtsanwalt Rohrlich. Er r\u00e4t dazu, die Vorschaufunktion komplett zu deaktivieren. Wenn dies nicht m\u00f6glich ist, besser vom Teilen Abstand nehmen.<\/p>\n<p>Die Fahrschul-Inhaberin ist \u00fcbrigens glimpflich davongekommen: Aufgrund des gro\u00dfen medialen Echos wurde die Abmahnung zur\u00fcckgezogen \u2013 worauf sich aber nat\u00fcrlich niemand verlassen sollte.<\/p>\n<p>Mit ein paar juristischen Grundregeln beim Teilen von Inhalten l\u00e4sst sich die Gefahr immerhin minimieren, diese haben wir im folgenden Kasten zusammengestellt.<\/p>\n<p>&nbsp;<\/p>\n<div class=\"custom-background custom-background-donts\">\n<ul>\n<li>Das Einbetten von Youtube-Videos und Pinterest-Bildern ist in der Regel unproblematisch, weil dies zur Eigenschaft dieser Plattformen geh\u00f6rt<\/li>\n<li>Artikel mit professionellen Bildern sollten Sie im Zweifel nicht oder nur ohne Vorschaubilder als einfachen Link teilen bzw. posten<\/li>\n<li>Einfache Links mit Text und ohne Vorschaubilder sind in aller Regel unproblematisch<\/li>\n<li>Bilder sollten Sie wenn, dann am besten unbearbeitet teilen; extrahieren Sie keine Standbilder aus animierten GIFs, ver\u00e4ndern Sie Videos nicht<\/li>\n<li>Ver\u00f6ffentlichen Sie Fotos und Videos aus gesch\u00fctzten Bereichen nicht (\u201eden Personenkreis nicht erweitern\u201c)<\/li>\n<li>Wer selbst bloggt, sollte sich genau \u00fcberlegen, ob er eine Sharing-Funktion einbettet; dar\u00fcber k\u00f6nnen gesch\u00fctzte Bilder zu Unrecht verbreitet werden<\/li>\n<li>Posten Sie Stockphotos nur dann in sozialen Medien, wenn diese entsprechend lizenziert sind. Entsprechende Lizenzen bieten aktuell (Stand: 24. Januar 2018) unter anderem Shutterstock (Social Media explizit eingeschlossen), iStock\/Getty (ebenso), Fotolia (es muss eine entsprechende Social-Media-Variante des Bildes gekauft werden).<\/li>\n<\/ul>\n<\/div>\n<p>&nbsp;<\/p>\n<div class=\"custom-background-grey\">\n<h4>Credits:<\/h4>\n<p><span style=\"font-size: 10pt;\">Beitragsbild: \u00a9 r.classen \/ shutterstock.com<\/span><\/p>\n<\/div>\n","protected":false},"excerpt":{"rendered":"<p>Abmahnfalle Facebook? Wie Rechtsexperten das Teilen von Inhalten auf Facebook &#038; Co. beurteilen und warum Sie gerade bei Fotos k\u00fcnftig noch besser aufpassen sollten, zeigt der folgende Artikel.<\/p>\n","protected":false},"author":27,"featured_media":9935,"comment_status":"open","ping_status":"open","sticky":false,"template":"","format":"standard","meta":{"footnotes":""},"categories":[33,36],"tags":[],"class_list":["post-9891","post","type-post","status-publish","format-standard","has-post-thumbnail","hentry","category-marketing","category-marketing-rechtsfragen","post_overlay_tag-rechtsfragen"],"yoast_head":"<!-- This site is optimized with the Yoast SEO plugin v27.5 - https:\/\/yoast.com\/product\/yoast-seo-wordpress\/ -->\n<title>Urheberrecht \u00bb Welche Bilder darf man auf Facebook teilen?<\/title>\n<meta name=\"description\" content=\"\u201eAbmahnfalle Facebook\u201c, \u201eWer teilt, macht sich strafbar\u201c? Wir erkl\u00e4ren, welche Bilder Sie auf Facebook teilen d\u00fcrfen und was das Urheberrecht untersagt!\" \/>\n<meta name=\"robots\" content=\"index, follow, max-snippet:-1, max-image-preview:large, max-video-preview:-1\" \/>\n<link rel=\"canonical\" href=\"https:\/\/www.onlineprinters.de\/magazin\/bilder-teilen-facebook-urheberrechte\/\" \/>\n<meta property=\"og:locale\" content=\"de_DE\" \/>\n<meta property=\"og:type\" content=\"article\" \/>\n<meta property=\"og:title\" content=\"Urheberrechte bei Facebook &amp; Co. wahren\" \/>\n<meta property=\"og:description\" content=\"Warum Artikel-&quot;Sharing&quot; zum Problem werden kann und wie ihr am besten vorbeugt, zeigt unser Artikel inklusive ausf\u00fchrlichem Rechtsanwalt-Interview.\" \/>\n<meta property=\"og:url\" content=\"https:\/\/www.onlineprinters.de\/magazin\/bilder-teilen-facebook-urheberrechte\/\" \/>\n<meta property=\"og:site_name\" content=\"Onlineprinters Magazin\" \/>\n<meta property=\"article:published_time\" content=\"2018-01-30T08:00:12+00:00\" \/>\n<meta property=\"article:modified_time\" content=\"2025-04-28T14:03:34+00:00\" \/>\n<meta property=\"og:image\" content=\"https:\/\/www.onlineprinters.de\/magazin\/wp-content\/uploads\/2018\/01\/socialmedia.jpg\" \/>\n\t<meta property=\"og:image:width\" content=\"1200\" \/>\n\t<meta property=\"og:image:height\" content=\"597\" \/>\n\t<meta property=\"og:image:type\" content=\"image\/jpeg\" \/>\n<meta name=\"author\" content=\"Christian\" \/>\n<meta name=\"twitter:card\" content=\"summary_large_image\" \/>\n<meta name=\"twitter:title\" content=\"Urheberrechte bei Facebook &amp; Co. wahren\" \/>\n<meta name=\"twitter:description\" content=\"Warum Artikel-&quot;Sharing&quot; zum Problem werden kann und wie ihr am besten vorbeugt, zeigt unser Artikel inklusive ausf\u00fchrlichem Rechtsanwalt-Interview.\" \/>\n<meta name=\"twitter:image\" content=\"https:\/\/www.onlineprinters.de\/magazin\/wp-content\/uploads\/2018\/01\/socialmedia.jpg\" \/>\n<script type=\"application\/ld+json\" class=\"yoast-schema-graph\">{\"@context\":\"https:\\\/\\\/schema.org\",\"@graph\":[{\"@type\":\"Article\",\"@id\":\"https:\\\/\\\/www.onlineprinters.de\\\/magazin\\\/bilder-teilen-facebook-urheberrechte\\\/#article\",\"isPartOf\":{\"@id\":\"https:\\\/\\\/www.onlineprinters.de\\\/magazin\\\/bilder-teilen-facebook-urheberrechte\\\/\"},\"author\":{\"name\":\"Christian\",\"@id\":\"https:\\\/\\\/www.onlineprinters.de\\\/magazin\\\/#\\\/schema\\\/person\\\/71f0264c99d311a8e16837b6debd0633\"},\"headline\":\"Bild geteilt, Abmahnung erhalten: Wie Sie Urheberrechte bei Facebook &#038; Co. wahren\",\"datePublished\":\"2018-01-30T08:00:12+00:00\",\"dateModified\":\"2025-04-28T14:03:34+00:00\",\"mainEntityOfPage\":{\"@id\":\"https:\\\/\\\/www.onlineprinters.de\\\/magazin\\\/bilder-teilen-facebook-urheberrechte\\\/\"},\"wordCount\":1653,\"commentCount\":0,\"image\":{\"@id\":\"https:\\\/\\\/www.onlineprinters.de\\\/magazin\\\/bilder-teilen-facebook-urheberrechte\\\/#primaryimage\"},\"thumbnailUrl\":\"https:\\\/\\\/www.onlineprinters.de\\\/magazin\\\/wp-content\\\/uploads\\\/2018\\\/01\\\/socialmedia.jpg\",\"articleSection\":[\"Marketing\",\"Marketing Rechtsfragen\"],\"inLanguage\":\"de\",\"potentialAction\":[{\"@type\":\"CommentAction\",\"name\":\"Comment\",\"target\":[\"https:\\\/\\\/www.onlineprinters.de\\\/magazin\\\/bilder-teilen-facebook-urheberrechte\\\/#respond\"]}]},{\"@type\":\"WebPage\",\"@id\":\"https:\\\/\\\/www.onlineprinters.de\\\/magazin\\\/bilder-teilen-facebook-urheberrechte\\\/\",\"url\":\"https:\\\/\\\/www.onlineprinters.de\\\/magazin\\\/bilder-teilen-facebook-urheberrechte\\\/\",\"name\":\"Urheberrecht \u00bb Welche Bilder darf man auf Facebook teilen?\",\"isPartOf\":{\"@id\":\"https:\\\/\\\/www.onlineprinters.de\\\/magazin\\\/#website\"},\"primaryImageOfPage\":{\"@id\":\"https:\\\/\\\/www.onlineprinters.de\\\/magazin\\\/bilder-teilen-facebook-urheberrechte\\\/#primaryimage\"},\"image\":{\"@id\":\"https:\\\/\\\/www.onlineprinters.de\\\/magazin\\\/bilder-teilen-facebook-urheberrechte\\\/#primaryimage\"},\"thumbnailUrl\":\"https:\\\/\\\/www.onlineprinters.de\\\/magazin\\\/wp-content\\\/uploads\\\/2018\\\/01\\\/socialmedia.jpg\",\"datePublished\":\"2018-01-30T08:00:12+00:00\",\"dateModified\":\"2025-04-28T14:03:34+00:00\",\"author\":{\"@id\":\"https:\\\/\\\/www.onlineprinters.de\\\/magazin\\\/#\\\/schema\\\/person\\\/71f0264c99d311a8e16837b6debd0633\"},\"description\":\"\u201eAbmahnfalle Facebook\u201c, \u201eWer teilt, macht sich strafbar\u201c? Wir erkl\u00e4ren, welche Bilder Sie auf Facebook teilen d\u00fcrfen und was das Urheberrecht untersagt!\",\"inLanguage\":\"de\",\"potentialAction\":[{\"@type\":\"ReadAction\",\"target\":[\"https:\\\/\\\/www.onlineprinters.de\\\/magazin\\\/bilder-teilen-facebook-urheberrechte\\\/\"]}]},{\"@type\":\"ImageObject\",\"inLanguage\":\"de\",\"@id\":\"https:\\\/\\\/www.onlineprinters.de\\\/magazin\\\/bilder-teilen-facebook-urheberrechte\\\/#primaryimage\",\"url\":\"https:\\\/\\\/www.onlineprinters.de\\\/magazin\\\/wp-content\\\/uploads\\\/2018\\\/01\\\/socialmedia.jpg\",\"contentUrl\":\"https:\\\/\\\/www.onlineprinters.de\\\/magazin\\\/wp-content\\\/uploads\\\/2018\\\/01\\\/socialmedia.jpg\",\"width\":1200,\"height\":597,\"caption\":\"Nahaufnahme einer Bronzestatue der Justitia, die h\u00e4ufig im-Artikel-2018 zu sehen ist. Sie h\u00e4lt eine Waage in ihrer rechten Hand. Ihre Augen sind verbunden, was Unparteilichkeit symbolisiert. An ihr h\u00e4ngen ein Balken und Gewichte. Der sanft beleuchtete Hintergrund erzeugt einen warmen, leuchtenden Effekt.\"},{\"@type\":\"WebSite\",\"@id\":\"https:\\\/\\\/www.onlineprinters.de\\\/magazin\\\/#website\",\"url\":\"https:\\\/\\\/www.onlineprinters.de\\\/magazin\\\/\",\"name\":\"Onlineprinters Magazin\",\"description\":\"\",\"potentialAction\":[{\"@type\":\"SearchAction\",\"target\":{\"@type\":\"EntryPoint\",\"urlTemplate\":\"https:\\\/\\\/www.onlineprinters.de\\\/magazin\\\/?s={search_term_string}\"},\"query-input\":{\"@type\":\"PropertyValueSpecification\",\"valueRequired\":true,\"valueName\":\"search_term_string\"}}],\"inLanguage\":\"de\"},{\"@type\":\"Person\",\"@id\":\"https:\\\/\\\/www.onlineprinters.de\\\/magazin\\\/#\\\/schema\\\/person\\\/71f0264c99d311a8e16837b6debd0633\",\"name\":\"Christian\",\"image\":{\"@type\":\"ImageObject\",\"inLanguage\":\"de\",\"@id\":\"https:\\\/\\\/www.onlineprinters.de\\\/magazin\\\/wp-content\\\/uploads\\\/2022\\\/05\\\/Screenshot-2022-05-24-165715.png\",\"url\":\"https:\\\/\\\/www.onlineprinters.de\\\/magazin\\\/wp-content\\\/uploads\\\/2022\\\/05\\\/Screenshot-2022-05-24-165715.png\",\"contentUrl\":\"https:\\\/\\\/www.onlineprinters.de\\\/magazin\\\/wp-content\\\/uploads\\\/2022\\\/05\\\/Screenshot-2022-05-24-165715.png\",\"caption\":\"Christian\"},\"description\":\"\u00bbMehr als das Gold hat das Blei die Welt ver\u00e4ndert. Und mehr als das Blei in der Flinte das im Setzkasten.\u00ab Georg Christoph Lichtenberg erinnerte uns schon vor mehr als 200 Jahren daran, wie kostbar freie Information einst war; in diesem Sinne versuche ich, auch in der heutigen Onlinewelt das Wesentliche klar und pr\u00e4gnant zu vermitteln.\",\"url\":\"https:\\\/\\\/www.onlineprinters.de\\\/magazin\\\/author\\\/christian\\\/\"}]}<\/script>\n<!-- \/ Yoast SEO plugin. -->","yoast_head_json":{"title":"Urheberrecht \u00bb Welche Bilder darf man auf Facebook teilen?","description":"\u201eAbmahnfalle Facebook\u201c, \u201eWer teilt, macht sich strafbar\u201c? Wir erkl\u00e4ren, welche Bilder Sie auf Facebook teilen d\u00fcrfen und was das Urheberrecht untersagt!","robots":{"index":"index","follow":"follow","max-snippet":"max-snippet:-1","max-image-preview":"max-image-preview:large","max-video-preview":"max-video-preview:-1"},"canonical":"https:\/\/www.onlineprinters.de\/magazin\/bilder-teilen-facebook-urheberrechte\/","og_locale":"de_DE","og_type":"article","og_title":"Urheberrechte bei Facebook & Co. wahren","og_description":"Warum Artikel-\"Sharing\" zum Problem werden kann und wie ihr am besten vorbeugt, zeigt unser Artikel inklusive ausf\u00fchrlichem Rechtsanwalt-Interview.","og_url":"https:\/\/www.onlineprinters.de\/magazin\/bilder-teilen-facebook-urheberrechte\/","og_site_name":"Onlineprinters Magazin","article_published_time":"2018-01-30T08:00:12+00:00","article_modified_time":"2025-04-28T14:03:34+00:00","og_image":[{"width":1200,"height":597,"url":"https:\/\/www.onlineprinters.de\/magazin\/wp-content\/uploads\/2018\/01\/socialmedia.jpg","type":"image\/jpeg"}],"author":"Christian","twitter_card":"summary_large_image","twitter_title":"Urheberrechte bei Facebook & Co. wahren","twitter_description":"Warum Artikel-\"Sharing\" zum Problem werden kann und wie ihr am besten vorbeugt, zeigt unser Artikel inklusive ausf\u00fchrlichem Rechtsanwalt-Interview.","twitter_image":"https:\/\/www.onlineprinters.de\/magazin\/wp-content\/uploads\/2018\/01\/socialmedia.jpg","schema":{"@context":"https:\/\/schema.org","@graph":[{"@type":"Article","@id":"https:\/\/www.onlineprinters.de\/magazin\/bilder-teilen-facebook-urheberrechte\/#article","isPartOf":{"@id":"https:\/\/www.onlineprinters.de\/magazin\/bilder-teilen-facebook-urheberrechte\/"},"author":{"name":"Christian","@id":"https:\/\/www.onlineprinters.de\/magazin\/#\/schema\/person\/71f0264c99d311a8e16837b6debd0633"},"headline":"Bild geteilt, Abmahnung erhalten: Wie Sie Urheberrechte bei Facebook &#038; Co. wahren","datePublished":"2018-01-30T08:00:12+00:00","dateModified":"2025-04-28T14:03:34+00:00","mainEntityOfPage":{"@id":"https:\/\/www.onlineprinters.de\/magazin\/bilder-teilen-facebook-urheberrechte\/"},"wordCount":1653,"commentCount":0,"image":{"@id":"https:\/\/www.onlineprinters.de\/magazin\/bilder-teilen-facebook-urheberrechte\/#primaryimage"},"thumbnailUrl":"https:\/\/www.onlineprinters.de\/magazin\/wp-content\/uploads\/2018\/01\/socialmedia.jpg","articleSection":["Marketing","Marketing Rechtsfragen"],"inLanguage":"de","potentialAction":[{"@type":"CommentAction","name":"Comment","target":["https:\/\/www.onlineprinters.de\/magazin\/bilder-teilen-facebook-urheberrechte\/#respond"]}]},{"@type":"WebPage","@id":"https:\/\/www.onlineprinters.de\/magazin\/bilder-teilen-facebook-urheberrechte\/","url":"https:\/\/www.onlineprinters.de\/magazin\/bilder-teilen-facebook-urheberrechte\/","name":"Urheberrecht \u00bb Welche Bilder darf man auf Facebook teilen?","isPartOf":{"@id":"https:\/\/www.onlineprinters.de\/magazin\/#website"},"primaryImageOfPage":{"@id":"https:\/\/www.onlineprinters.de\/magazin\/bilder-teilen-facebook-urheberrechte\/#primaryimage"},"image":{"@id":"https:\/\/www.onlineprinters.de\/magazin\/bilder-teilen-facebook-urheberrechte\/#primaryimage"},"thumbnailUrl":"https:\/\/www.onlineprinters.de\/magazin\/wp-content\/uploads\/2018\/01\/socialmedia.jpg","datePublished":"2018-01-30T08:00:12+00:00","dateModified":"2025-04-28T14:03:34+00:00","author":{"@id":"https:\/\/www.onlineprinters.de\/magazin\/#\/schema\/person\/71f0264c99d311a8e16837b6debd0633"},"description":"\u201eAbmahnfalle Facebook\u201c, \u201eWer teilt, macht sich strafbar\u201c? Wir erkl\u00e4ren, welche Bilder Sie auf Facebook teilen d\u00fcrfen und was das Urheberrecht untersagt!","inLanguage":"de","potentialAction":[{"@type":"ReadAction","target":["https:\/\/www.onlineprinters.de\/magazin\/bilder-teilen-facebook-urheberrechte\/"]}]},{"@type":"ImageObject","inLanguage":"de","@id":"https:\/\/www.onlineprinters.de\/magazin\/bilder-teilen-facebook-urheberrechte\/#primaryimage","url":"https:\/\/www.onlineprinters.de\/magazin\/wp-content\/uploads\/2018\/01\/socialmedia.jpg","contentUrl":"https:\/\/www.onlineprinters.de\/magazin\/wp-content\/uploads\/2018\/01\/socialmedia.jpg","width":1200,"height":597,"caption":"Nahaufnahme einer Bronzestatue der Justitia, die h\u00e4ufig im-Artikel-2018 zu sehen ist. Sie h\u00e4lt eine Waage in ihrer rechten Hand. Ihre Augen sind verbunden, was Unparteilichkeit symbolisiert. An ihr h\u00e4ngen ein Balken und Gewichte. Der sanft beleuchtete Hintergrund erzeugt einen warmen, leuchtenden Effekt."},{"@type":"WebSite","@id":"https:\/\/www.onlineprinters.de\/magazin\/#website","url":"https:\/\/www.onlineprinters.de\/magazin\/","name":"Onlineprinters Magazin","description":"","potentialAction":[{"@type":"SearchAction","target":{"@type":"EntryPoint","urlTemplate":"https:\/\/www.onlineprinters.de\/magazin\/?s={search_term_string}"},"query-input":{"@type":"PropertyValueSpecification","valueRequired":true,"valueName":"search_term_string"}}],"inLanguage":"de"},{"@type":"Person","@id":"https:\/\/www.onlineprinters.de\/magazin\/#\/schema\/person\/71f0264c99d311a8e16837b6debd0633","name":"Christian","image":{"@type":"ImageObject","inLanguage":"de","@id":"https:\/\/www.onlineprinters.de\/magazin\/wp-content\/uploads\/2022\/05\/Screenshot-2022-05-24-165715.png","url":"https:\/\/www.onlineprinters.de\/magazin\/wp-content\/uploads\/2022\/05\/Screenshot-2022-05-24-165715.png","contentUrl":"https:\/\/www.onlineprinters.de\/magazin\/wp-content\/uploads\/2022\/05\/Screenshot-2022-05-24-165715.png","caption":"Christian"},"description":"\u00bbMehr als das Gold hat das Blei die Welt ver\u00e4ndert. Und mehr als das Blei in der Flinte das im Setzkasten.\u00ab Georg Christoph Lichtenberg erinnerte uns schon vor mehr als 200 Jahren daran, wie kostbar freie Information einst war; in diesem Sinne versuche ich, auch in der heutigen Onlinewelt das Wesentliche klar und pr\u00e4gnant zu vermitteln.","url":"https:\/\/www.onlineprinters.de\/magazin\/author\/christian\/"}]}},"_links":{"self":[{"href":"https:\/\/www.onlineprinters.de\/magazin\/wp-json\/wp\/v2\/posts\/9891","targetHints":{"allow":["GET"]}}],"collection":[{"href":"https:\/\/www.onlineprinters.de\/magazin\/wp-json\/wp\/v2\/posts"}],"about":[{"href":"https:\/\/www.onlineprinters.de\/magazin\/wp-json\/wp\/v2\/types\/post"}],"author":[{"embeddable":true,"href":"https:\/\/www.onlineprinters.de\/magazin\/wp-json\/wp\/v2\/users\/27"}],"replies":[{"embeddable":true,"href":"https:\/\/www.onlineprinters.de\/magazin\/wp-json\/wp\/v2\/comments?post=9891"}],"version-history":[{"count":3,"href":"https:\/\/www.onlineprinters.de\/magazin\/wp-json\/wp\/v2\/posts\/9891\/revisions"}],"predecessor-version":[{"id":19958,"href":"https:\/\/www.onlineprinters.de\/magazin\/wp-json\/wp\/v2\/posts\/9891\/revisions\/19958"}],"wp:featuredmedia":[{"embeddable":true,"href":"https:\/\/www.onlineprinters.de\/magazin\/wp-json\/wp\/v2\/media\/9935"}],"wp:attachment":[{"href":"https:\/\/www.onlineprinters.de\/magazin\/wp-json\/wp\/v2\/media?parent=9891"}],"wp:term":[{"taxonomy":"category","embeddable":true,"href":"https:\/\/www.onlineprinters.de\/magazin\/wp-json\/wp\/v2\/categories?post=9891"},{"taxonomy":"post_tag","embeddable":true,"href":"https:\/\/www.onlineprinters.de\/magazin\/wp-json\/wp\/v2\/tags?post=9891"}],"curies":[{"name":"wp","href":"https:\/\/api.w.org\/{rel}","templated":true}]}}